{"id":31264,"date":"2026-08-30T10:34:05","date_gmt":"2026-08-30T09:34:05","guid":{"rendered":"http:\/\/www.stefanome.it\/blog\/?p=31264"},"modified":"2026-08-30T10:38:15","modified_gmt":"2026-08-30T09:38:15","slug":"rientro-4","status":"publish","type":"post","link":"http:\/\/www.stefanome.it\/blog\/?p=31264","title":{"rendered":"Rientro"},"content":{"rendered":"<div class=\"wp-block-image\">\n<figure class=\"aligncenter size-large\"><a href=\"http:\/\/www.stefanome.it\/blog\/wp-content\/uploads\/2026\/08\/basapcam-scaled.jpg\" target=\"_blank\" rel=\" noopener\"><img loading=\"lazy\" decoding=\"async\" width=\"1024\" height=\"576\" src=\"http:\/\/www.stefanome.it\/blog\/wp-content\/uploads\/2026\/08\/basapcam-1024x576.jpg\" alt=\"\" class=\"wp-image-31265\" srcset=\"http:\/\/www.stefanome.it\/blog\/wp-content\/uploads\/2026\/08\/basapcam-1024x576.jpg 1024w, http:\/\/www.stefanome.it\/blog\/wp-content\/uploads\/2026\/08\/basapcam-300x169.jpg 300w, http:\/\/www.stefanome.it\/blog\/wp-content\/uploads\/2026\/08\/basapcam-768x432.jpg 768w, http:\/\/www.stefanome.it\/blog\/wp-content\/uploads\/2026\/08\/basapcam-1536x864.jpg 1536w, http:\/\/www.stefanome.it\/blog\/wp-content\/uploads\/2026\/08\/basapcam-2048x1152.jpg 2048w\" sizes=\"auto, (max-width: 1024px) 100vw, 1024px\" \/><\/a><\/figure>\n<\/div>\n\n\n<p class=\"wp-block-paragraph\">Di tutte le cose che ho visto, sono soprattutto gli alberi che mi ricorder\u00f2 per un bel po&#8217;. Alle latitudini dove ero, l&#8217;albero pi\u00f9 diffuso mi \u00e8 parso fosse proprio l&#8217;Acero Pseudoplatano, o Acero Platanoide. Enormi, verdissimi, l&#8217;immagine del rigoglio e della salute. Poi tanti frassini e tanti cedri.<\/p>\n\n\n<div class=\"wp-block-image\">\n<figure class=\"aligncenter size-full\"><a href=\"http:\/\/www.stefanome.it\/blog\/wp-content\/uploads\/2026\/08\/20260809_185943.jpg\" target=\"_blank\" rel=\" noopener\"><img loading=\"lazy\" decoding=\"async\" width=\"768\" height=\"1024\" src=\"http:\/\/www.stefanome.it\/blog\/wp-content\/uploads\/2026\/08\/20260809_185943.jpg\" alt=\"\" class=\"wp-image-31266\" srcset=\"http:\/\/www.stefanome.it\/blog\/wp-content\/uploads\/2026\/08\/20260809_185943.jpg 768w, http:\/\/www.stefanome.it\/blog\/wp-content\/uploads\/2026\/08\/20260809_185943-225x300.jpg 225w\" sizes=\"auto, (max-width: 768px) 100vw, 768px\" \/><\/a><\/figure>\n<\/div>\n\n\n<p class=\"wp-block-paragraph\">Questa sembra una quercia. Anche le querce sono in scala maggiorata rispetto a quanto sono abituato. Per\u00f2 pare sia un Faggio. (ho chiesto a AI)<\/p>\n\n\n<div class=\"wp-block-image\">\n<figure class=\"aligncenter size-full\"><a href=\"http:\/\/www.stefanome.it\/blog\/wp-content\/uploads\/2026\/08\/20260809_191416.jpg\"><img loading=\"lazy\" decoding=\"async\" width=\"768\" height=\"1024\" src=\"http:\/\/www.stefanome.it\/blog\/wp-content\/uploads\/2026\/08\/20260809_191416.jpg\" alt=\"\" class=\"wp-image-31267\" srcset=\"http:\/\/www.stefanome.it\/blog\/wp-content\/uploads\/2026\/08\/20260809_191416.jpg 768w, http:\/\/www.stefanome.it\/blog\/wp-content\/uploads\/2026\/08\/20260809_191416-225x300.jpg 225w\" sizes=\"auto, (max-width: 768px) 100vw, 768px\" \/><\/a><\/figure>\n<\/div>\n\n\n<p class=\"wp-block-paragraph\">Questo penso sia un cedro, forse dell&#8217;atlantico. Un elemento che ho notato anche in parchi ed in dimore antiche, sembra essere che gli alberi spesso non vengono curati, potati, puliti. Crescono come sono, apparentemente senza alcun intervento da parte del giardiniere. Nella foto si intravede una persona che se viene a sapere che \u00e8 apparsa on line, si incazza come una iena.<\/p>\n\n\n<div class=\"wp-block-image\">\n<figure class=\"aligncenter size-full\"><a href=\"http:\/\/www.stefanome.it\/blog\/wp-content\/uploads\/2026\/08\/20260809_191858.jpg\" target=\"_blank\" rel=\" noopener\"><img loading=\"lazy\" decoding=\"async\" width=\"768\" height=\"1024\" src=\"http:\/\/www.stefanome.it\/blog\/wp-content\/uploads\/2026\/08\/20260809_191858.jpg\" alt=\"\" class=\"wp-image-31268\" srcset=\"http:\/\/www.stefanome.it\/blog\/wp-content\/uploads\/2026\/08\/20260809_191858.jpg 768w, http:\/\/www.stefanome.it\/blog\/wp-content\/uploads\/2026\/08\/20260809_191858-225x300.jpg 225w\" sizes=\"auto, (max-width: 768px) 100vw, 768px\" \/><\/a><\/figure>\n<\/div>\n\n\n<p class=\"wp-block-paragraph\">Questo pensavo potesse essere un Ontano, anche in questo caso Miriam serve come metro per poter valutare le dimensioni. Invece \u00e8 un Carpino. Da non credere.<\/p>\n\n\n<div class=\"wp-block-image\">\n<figure class=\"aligncenter size-large\"><a href=\"http:\/\/www.stefanome.it\/blog\/wp-content\/uploads\/2026\/08\/20260809_204311-scaled.jpg\" target=\"_blank\" rel=\" noopener\"><img loading=\"lazy\" decoding=\"async\" width=\"768\" height=\"1024\" src=\"http:\/\/www.stefanome.it\/blog\/wp-content\/uploads\/2026\/08\/20260809_204311-768x1024.jpg\" alt=\"\" class=\"wp-image-31270\" srcset=\"http:\/\/www.stefanome.it\/blog\/wp-content\/uploads\/2026\/08\/20260809_204311-768x1024.jpg 768w, http:\/\/www.stefanome.it\/blog\/wp-content\/uploads\/2026\/08\/20260809_204311-225x300.jpg 225w, http:\/\/www.stefanome.it\/blog\/wp-content\/uploads\/2026\/08\/20260809_204311-1152x1536.jpg 1152w, http:\/\/www.stefanome.it\/blog\/wp-content\/uploads\/2026\/08\/20260809_204311-1536x2048.jpg 1536w, http:\/\/www.stefanome.it\/blog\/wp-content\/uploads\/2026\/08\/20260809_204311-scaled.jpg 1920w\" sizes=\"auto, (max-width: 768px) 100vw, 768px\" \/><\/a><\/figure>\n<\/div>\n\n\n<p class=\"wp-block-paragraph\">Non so quanti anni abbia questo, ma quel ramo sembra fatto apposta per una sedia a dondolo, o altalena. Tuttavia la seduta era troppo bassa e non si riusciva a imprimere abbastanza potenza per raggiungere altezze decorose. Roba pensata per sciocchi bambini minuscoli. Sono andato a leggere che pianta \u00e8; sorpresa, parrebbe una Metasequoia.<\/p>\n\n\n\n<figure class=\"wp-block-image size-full\"><img loading=\"lazy\" decoding=\"async\" width=\"1024\" height=\"768\" src=\"http:\/\/www.stefanome.it\/blog\/wp-content\/uploads\/2026\/08\/20260811_120438.jpg\" alt=\"\" class=\"wp-image-31271\" srcset=\"http:\/\/www.stefanome.it\/blog\/wp-content\/uploads\/2026\/08\/20260811_120438.jpg 1024w, http:\/\/www.stefanome.it\/blog\/wp-content\/uploads\/2026\/08\/20260811_120438-300x225.jpg 300w, http:\/\/www.stefanome.it\/blog\/wp-content\/uploads\/2026\/08\/20260811_120438-768x576.jpg 768w\" sizes=\"auto, (max-width: 1024px) 100vw, 1024px\" \/><\/figure>\n\n\n\n<p class=\"wp-block-paragraph\">In questa foto ci sono Aceri, Tigli, Querce, Cedri Frassini e Cipressi, probabilmente anche altre famiglie. Sono tutti di dimensioni in scala 1:0.5 rispetto a quelli che conosco io.<\/p>\n\n\n<div class=\"wp-block-image\">\n<figure class=\"aligncenter size-full\"><a href=\"http:\/\/www.stefanome.it\/blog\/wp-content\/uploads\/2026\/08\/20260809_204152.jpg\" target=\"_blank\" rel=\" noopener\"><img loading=\"lazy\" decoding=\"async\" width=\"768\" height=\"1024\" src=\"http:\/\/www.stefanome.it\/blog\/wp-content\/uploads\/2026\/08\/20260809_204152.jpg\" alt=\"\" class=\"wp-image-31269\" srcset=\"http:\/\/www.stefanome.it\/blog\/wp-content\/uploads\/2026\/08\/20260809_204152.jpg 768w, http:\/\/www.stefanome.it\/blog\/wp-content\/uploads\/2026\/08\/20260809_204152-225x300.jpg 225w\" sizes=\"auto, (max-width: 768px) 100vw, 768px\" \/><\/a><\/figure>\n<\/div>\n\n\n<p class=\"wp-block-paragraph\">Questo non mi ricordo di averlo mai visto prima, ho cercato on line ed sembrerebbe un Cipresso di Monterey, altra pianta molto diffusa da quelle parti.<\/p>\n\n\n<div class=\"wp-block-image\">\n<figure class=\"aligncenter size-full\"><a href=\"http:\/\/www.stefanome.it\/blog\/wp-content\/uploads\/2026\/08\/20260821_1653531.jpg\" target=\"_blank\" rel=\" noopener\"><img loading=\"lazy\" decoding=\"async\" width=\"1024\" height=\"768\" src=\"http:\/\/www.stefanome.it\/blog\/wp-content\/uploads\/2026\/08\/20260821_1653531.jpg\" alt=\"\" class=\"wp-image-31275\" srcset=\"http:\/\/www.stefanome.it\/blog\/wp-content\/uploads\/2026\/08\/20260821_1653531.jpg 1024w, http:\/\/www.stefanome.it\/blog\/wp-content\/uploads\/2026\/08\/20260821_1653531-300x225.jpg 300w, http:\/\/www.stefanome.it\/blog\/wp-content\/uploads\/2026\/08\/20260821_1653531-768x576.jpg 768w\" sizes=\"auto, (max-width: 1024px) 100vw, 1024px\" \/><\/a><\/figure>\n<\/div>\n\n\n<p class=\"wp-block-paragraph\">Questa immagine invece viene dalla seconda parte del giro. Sei giorni di cui tre con il sole. Mangiato stoccafisso quasi tutte le sere, ma mia suocera lo fa meglio.<\/p>\n\n\n<div class=\"wp-block-image\">\n<figure class=\"aligncenter size-full\"><img loading=\"lazy\" decoding=\"async\" width=\"640\" height=\"480\" src=\"http:\/\/www.stefanome.it\/blog\/wp-content\/uploads\/2026\/08\/20260828_172241.jpg\" alt=\"\" class=\"wp-image-31276\" srcset=\"http:\/\/www.stefanome.it\/blog\/wp-content\/uploads\/2026\/08\/20260828_172241.jpg 640w, http:\/\/www.stefanome.it\/blog\/wp-content\/uploads\/2026\/08\/20260828_172241-300x225.jpg 300w\" sizes=\"auto, (max-width: 640px) 100vw, 640px\" \/><\/figure>\n<\/div>\n\n\n<p class=\"wp-block-paragraph\">In compenso fanno del formaggio buonissimo. Quando si esce a terra talvolta ci sono dei banchetti dove vendono formaggi di tutti i tipi, lo vendono sottovuoto, dunque pu\u00f2 affrontare diversi giorni in una valigia senza che infetti tutta la stiva.<\/p>\n\n\n<div class=\"wp-block-image\">\n<figure class=\"aligncenter size-full\"><img loading=\"lazy\" decoding=\"async\" width=\"568\" height=\"640\" src=\"http:\/\/www.stefanome.it\/blog\/wp-content\/uploads\/2026\/08\/20260820_104120.jpg\" alt=\"\" class=\"wp-image-31277\" srcset=\"http:\/\/www.stefanome.it\/blog\/wp-content\/uploads\/2026\/08\/20260820_104120.jpg 568w, http:\/\/www.stefanome.it\/blog\/wp-content\/uploads\/2026\/08\/20260820_104120-266x300.jpg 266w\" sizes=\"auto, (max-width: 568px) 100vw, 568px\" \/><\/figure>\n<\/div>\n\n\n<p class=\"wp-block-paragraph\">C&#8217;era anche il formaggio col pesto. L&#8217;ho assaggiato e sa di formaggio con il pesto.<\/p>\n\n\n<div class=\"wp-block-image\">\n<figure class=\"aligncenter size-full\"><a href=\"http:\/\/www.stefanome.it\/blog\/wp-content\/uploads\/2026\/08\/20260821_162553.jpg\" target=\"_blank\" rel=\" noopener\"><img loading=\"lazy\" decoding=\"async\" width=\"1024\" height=\"768\" src=\"http:\/\/www.stefanome.it\/blog\/wp-content\/uploads\/2026\/08\/20260821_162553.jpg\" alt=\"\" class=\"wp-image-31278\" srcset=\"http:\/\/www.stefanome.it\/blog\/wp-content\/uploads\/2026\/08\/20260821_162553.jpg 1024w, http:\/\/www.stefanome.it\/blog\/wp-content\/uploads\/2026\/08\/20260821_162553-300x225.jpg 300w, http:\/\/www.stefanome.it\/blog\/wp-content\/uploads\/2026\/08\/20260821_162553-768x576.jpg 768w\" sizes=\"auto, (max-width: 1024px) 100vw, 1024px\" \/><\/a><\/figure>\n<\/div>\n\n\n<p class=\"wp-block-paragraph\">Ultime foto. Ne ho scattate un centinaio, la maggior parte delle foto sono bruttine. In questa almeno si vede un po&#8217; di neve (anche in quella precedente)<\/p>\n\n\n<div class=\"wp-block-image\">\n<figure class=\"aligncenter size-full\"><a href=\"http:\/\/www.stefanome.it\/blog\/wp-content\/uploads\/2026\/08\/20260821_164354.jpg\" target=\"_blank\" rel=\" noopener\"><img loading=\"lazy\" decoding=\"async\" width=\"1024\" height=\"768\" src=\"http:\/\/www.stefanome.it\/blog\/wp-content\/uploads\/2026\/08\/20260821_164354.jpg\" alt=\"\" class=\"wp-image-31280\" srcset=\"http:\/\/www.stefanome.it\/blog\/wp-content\/uploads\/2026\/08\/20260821_164354.jpg 1024w, http:\/\/www.stefanome.it\/blog\/wp-content\/uploads\/2026\/08\/20260821_164354-300x225.jpg 300w, http:\/\/www.stefanome.it\/blog\/wp-content\/uploads\/2026\/08\/20260821_164354-768x576.jpg 768w\" sizes=\"auto, (max-width: 1024px) 100vw, 1024px\" \/><\/a><\/figure>\n<\/div>\n\n\n<p class=\"wp-block-paragraph\">Non immaginavo che ci fossero ghiacciai tra i fiordi norvegesi, piccoli ma numerosi.<\/p>\n\n\n<div class=\"wp-block-image\">\n<figure class=\"aligncenter size-full\"><a href=\"http:\/\/www.stefanome.it\/blog\/wp-content\/uploads\/2026\/08\/20260821_162940.jpg\" target=\"_blank\" rel=\" noopener\"><img loading=\"lazy\" decoding=\"async\" width=\"1024\" height=\"768\" src=\"http:\/\/www.stefanome.it\/blog\/wp-content\/uploads\/2026\/08\/20260821_162940.jpg\" alt=\"\" class=\"wp-image-31281\" srcset=\"http:\/\/www.stefanome.it\/blog\/wp-content\/uploads\/2026\/08\/20260821_162940.jpg 1024w, http:\/\/www.stefanome.it\/blog\/wp-content\/uploads\/2026\/08\/20260821_162940-300x225.jpg 300w, http:\/\/www.stefanome.it\/blog\/wp-content\/uploads\/2026\/08\/20260821_162940-768x576.jpg 768w\" sizes=\"auto, (max-width: 1024px) 100vw, 1024px\" \/><\/a><\/figure>\n<\/div>\n\n<div class=\"wp-block-image\">\n<figure class=\"aligncenter size-full\"><img loading=\"lazy\" decoding=\"async\" width=\"640\" height=\"65\" src=\"http:\/\/www.stefanome.it\/blog\/wp-content\/uploads\/2020\/03\/divide_line3.jpg\" alt=\"\" class=\"wp-image-18393\" srcset=\"http:\/\/www.stefanome.it\/blog\/wp-content\/uploads\/2020\/03\/divide_line3.jpg 640w, http:\/\/www.stefanome.it\/blog\/wp-content\/uploads\/2020\/03\/divide_line3-300x30.jpg 300w\" sizes=\"auto, (max-width: 640px) 100vw, 640px\" \/><\/figure>\n<\/div>\n\n\n<p class=\"wp-block-paragraph\">Ed ora le impressioni generali e banali del rientro. Nelle settimane precedenti a Basaluzzo ha fatto un caldo boia fuori scala, ma la situazione che ho trovato temevo fosse peggiore.<\/p>\n\n\n<div class=\"wp-block-image\">\n<figure class=\"aligncenter size-full\"><img loading=\"lazy\" decoding=\"async\" width=\"600\" height=\"800\" src=\"http:\/\/www.stefanome.it\/blog\/wp-content\/uploads\/2026\/08\/20260829_095134.jpg\" alt=\"\" class=\"wp-image-31283\" srcset=\"http:\/\/www.stefanome.it\/blog\/wp-content\/uploads\/2026\/08\/20260829_095134.jpg 600w, http:\/\/www.stefanome.it\/blog\/wp-content\/uploads\/2026\/08\/20260829_095134-225x300.jpg 225w\" sizes=\"auto, (max-width: 600px) 100vw, 600px\" \/><\/figure>\n<\/div>\n\n\n<p class=\"wp-block-paragraph\">Dopo aver visto Aceri Platanoidi grandi come case, sanissimi, verdissimi, diffusi come le ortiche, trovo che il mio unico AP ha patito il secco. Non credo sia a rischio vita, ma molte foglie sono seccate in punta, classico segno di stress idrico. Trenta gradi occasionali li sopporta bene, ma 35 per settimane di fila lo hanno messo a dura prova. E&#8217; il nuovo clima, baby.<\/p>\n\n\n\n<p class=\"wp-block-paragraph\">Anche alcuni carpini hanno dovuto lasciar cadere molte foglie. Tra i tigli, uno in particolare ha ancora poche foglie verdi attaccate ai rami, ma si vedono gi\u00e0 i getti nuovi. <\/p>\n\n\n\n<p class=\"wp-block-paragraph\">Tra gli aceri, solo uno ha qualche foglia la cui punta \u00e8 secca, ma gli altri stanno tutti bene.<\/p>\n\n\n\n<p class=\"wp-block-paragraph\">Le querce invece sembra che crescano in misura proporzionale alla temperatura. Insomma danno l&#8217;impressione che il caldo sia gradito, diverse piante hanno delle foglie che non avevo mai visto cos\u00ec grosse. <\/p>\n\n\n\n<p class=\"wp-block-paragraph\">Due decessi, un tiglio ed un carpino, ma erano sofferenti da tempo ed il caldo ha dato loro il colpo di grazia. In un distaccamento di bosco creato dal nulla quindici anni fa ci sono alcuni alberi che buttano proprio male, ma erano tutti vittime dell&#8217;essicamento della corteccia, temo che tre o quattro di essi non arriveranno alla prossima primavera.<\/p>\n\n\n\n<p class=\"wp-block-paragraph\">Acacie; diverse sono un po&#8217; in assetto da difesa, ossia foglie cadute ed un po&#8217; ingiallite a macchie, ma non lamento situazioni estreme, fatti salvi alcuni esemplari che per\u00f2 hanno polloni in grande sviluppo.<\/p>\n\n\n\n<p class=\"wp-block-paragraph\">Le rose invece hanno preso un bella batosta e mi domando se il nuovo clima ormai ne sconsigli l&#8217;uso. Parlo delle rose rugose, un tempo indistruttibili anche senza acqua durante i mesi estivi. Forse devo ridurne il numero in modo da poterle irrigare. L&#8217;acqua \u00e8 sempre preziosa, non ne ho in quantit\u00e0 inesauribili e non va sprecata. Le nuove ginestre invece stanno bene. L&#8217;esperimento sembra avere successo e potrebbero diventare i cespugli tappa buchi.<\/p>\n\n\n\n<p class=\"wp-block-paragraph\">Le quattro nane messe a dimora la scorsa primavera sono vive con diversi livelli di sviluppo. Vincono un Ontano ed una Albizia, le altre due, famiglia aceri, sono pi\u00f9 stentate.<\/p>\n\n\n\n<p class=\"wp-block-paragraph\">La differenza di clima tra Irlanda del nord, costa della Norvegia e bassa alessandrina \u00e8 stridente. Lo \u00e8 sempre stato ovviamente, ma temo che il divario si stia allargando, qui bisogna fare delle considerazioni che tengano conto dell&#8217;aumento delle temperature, soprattutto quelle estive. <\/p>\n\n\n\n<p class=\"wp-block-paragraph\">Ho citato l&#8217;Irlanda del nord ma per essere pi\u00f9 precisi, l&#8217;Irlanda del sud-est era bella secca. Non pioveva da settimane, temperature che hanno superato 30\u00b0, un po&#8217; di sorpresa e qualche perplessit\u00e0 e precoccupazione. Sperano sia un episodio isolato. Invece la parte atlantica ed il nord sono verdi come sempre.<\/p>\n\n\n\n<p class=\"wp-block-paragraph\">Nella Norvegia del nord invece hanno un fenomeno opposto. Piove sempre e c&#8217;\u00e8 nebbia. Una guida (ragazzina di una bellezza imbarazzante) ci ha confermato che in due mesi, luglio e agosto, hanno visto meno di 10 giorni di sole. In effetti se nell&#8217;Europa centrale c&#8217;\u00e8 una cupola di alta pressione talmente insistente e potente, i flussi atlantici dove vanno? Quando c&#8217;era l&#8217;alta pressione delle Azzorre il flusso aveva pi\u00f9 spazio dove andare, regalava periodi di sole un po&#8217; ovunque. Adesso le correnti zonali e la corrente a getto sono costretti, relegati a salire di latitudine. Bisogna adattarsi.<\/p>\n\n\n\n<p class=\"wp-block-paragraph\">E per concludere, sono tornato con tosse, mal di gola ed altri sintomi da raffreddore. Miriam cambia idea due o tre volte al giorno sulla diagnosi,  oscilla tra un bel COVID ed una fantomatica forma influenzale diffusa ma non nel radar della medicina ufficiale. <\/p>\n\n\n\n<p class=\"wp-block-paragraph\">Dovrei fare un bel po&#8217; di lavori, per il momento ho fatto quelli che richiedono meno dispendio di energia, come tagliare l&#8217;erba con il trattorino, e mi sono pure stancato. Adesso spero in un po&#8217; di pioggia, dopo quella salvifica e benedetta di una decina di giorni fa. Il bilancio termico giornaliero comunque inesorabilmente \u00e8 sceso sotto lo zero, di mattina la temperatura \u00e8 intorno ai 20\u00b0, il marciapiede intorno a casa \u00e8 fresco. Seguo i modelli con trepidazione, ma per il momento di pioggia nemmeno l&#8217;ombra.<\/p>\n","protected":false},"excerpt":{"rendered":"<p>Di tutte le cose che ho visto, sono soprattutto gli alberi che mi ricorder\u00f2 per un bel po&#8217;. Alle latitudini dove ero, l&#8217;albero pi\u00f9 diffuso mi \u00e8 parso fosse proprio l&#8217;Acero Pseudoplatano, o Acero Platanoide. Enormi, verdissimi, l&#8217;immagine del rigoglio &hellip; <a href=\"http:\/\/www.stefanome.it\/blog\/?p=31264\">Continue reading <span class=\"meta-nav\">&rarr;<\/span><\/a><\/p>\n","protected":false},"author":1,"featured_media":0,"comment_status":"open","ping_status":"open","sticky":false,"template":"","format":"standard","meta":{"footnotes":""},"categories":[1],"tags":[],"class_list":["post-31264","post","type-post","status-publish","format-standard","hentry","category-apc"],"_links":{"self":[{"href":"http:\/\/www.stefanome.it\/blog\/index.php?rest_route=\/wp\/v2\/posts\/31264","targetHints":{"allow":["GET"]}}],"collection":[{"href":"http:\/\/www.stefanome.it\/blog\/index.php?rest_route=\/wp\/v2\/posts"}],"about":[{"href":"http:\/\/www.stefanome.it\/blog\/index.php?rest_route=\/wp\/v2\/types\/post"}],"author":[{"embeddable":true,"href":"http:\/\/www.stefanome.it\/blog\/index.php?rest_route=\/wp\/v2\/users\/1"}],"replies":[{"embeddable":true,"href":"http:\/\/www.stefanome.it\/blog\/index.php?rest_route=%2Fwp%2Fv2%2Fcomments&post=31264"}],"version-history":[{"count":8,"href":"http:\/\/www.stefanome.it\/blog\/index.php?rest_route=\/wp\/v2\/posts\/31264\/revisions"}],"predecessor-version":[{"id":31286,"href":"http:\/\/www.stefanome.it\/blog\/index.php?rest_route=\/wp\/v2\/posts\/31264\/revisions\/31286"}],"wp:attachment":[{"href":"http:\/\/www.stefanome.it\/blog\/index.php?rest_route=%2Fwp%2Fv2%2Fmedia&parent=31264"}],"wp:term":[{"taxonomy":"category","embeddable":true,"href":"http:\/\/www.stefanome.it\/blog\/index.php?rest_route=%2Fwp%2Fv2%2Fcategories&post=31264"},{"taxonomy":"post_tag","embeddable":true,"href":"http:\/\/www.stefanome.it\/blog\/index.php?rest_route=%2Fwp%2Fv2%2Ftags&post=31264"}],"curies":[{"name":"wp","href":"https:\/\/api.w.org\/{rel}","templated":true}]}}