{"id":19742,"date":"2020-10-09T07:50:23","date_gmt":"2020-10-09T06:50:23","guid":{"rendered":"http:\/\/www.stefanome.it\/blog\/?p=19742"},"modified":"2020-10-09T07:50:23","modified_gmt":"2020-10-09T06:50:23","slug":"buongiorno-9","status":"publish","type":"post","link":"http:\/\/www.stefanome.it\/blog\/?p=19742","title":{"rendered":"Buongiorno."},"content":{"rendered":"\n<div class=\"wp-block-image\"><figure class=\"aligncenter size-large is-resized\"><a href=\"http:\/\/www.stefanome.it\/blog\/wp-content\/uploads\/2020\/10\/campo.jpg\" target=\"_blank\" rel=\"noopener noreferrer\"><img loading=\"lazy\" decoding=\"async\" src=\"http:\/\/www.stefanome.it\/blog\/wp-content\/uploads\/2020\/10\/campo.jpg\" alt=\"\" class=\"wp-image-19743\" width=\"500\" height=\"375\" srcset=\"http:\/\/www.stefanome.it\/blog\/wp-content\/uploads\/2020\/10\/campo.jpg 1000w, http:\/\/www.stefanome.it\/blog\/wp-content\/uploads\/2020\/10\/campo-300x225.jpg 300w, http:\/\/www.stefanome.it\/blog\/wp-content\/uploads\/2020\/10\/campo-768x576.jpg 768w\" sizes=\"auto, (max-width: 500px) 100vw, 500px\" \/><\/a><\/figure><\/div>\n\n\n\n<p>Questa foto, ieri sul far della sera, mostra un campo vicino a casa. L&#8217;agricoltore che lo stava compattando mi ha visto, ha girato il trattore ed \u00e8 venuto di gran carriera a salutarmi. In realt\u00e0 ha cercato di investirmi, mi ha inseguito con il compattatore ma io sono salito su un albero e dunque ha desistito. Avr\u00e0 si e no una settantina di anni, persona cordiale ed onestissima, famiglia di lavoratori della terra da molte generazioni. Ha un cancro, di quelli rari e difficili da estirpare, forse deve essere operato di nuovo, ne parla come se dovesse andare a farsi togliere un dente, tanto, dice, prima o poi comunque si deve morire.  E mentre mi diceva queste cose, io ero li ai bordi del suo campo che aveva fresato seminato e compattato con cura e devozione. Mi sentivo l&#8217;aria ebete di chi non sa come rispondere e si sente inutile e vuoto,  ho abbozzato un sorriso che voleva essere pieno di comprensione, ma credo sia venuta fuori solo una espressione ebete. <\/p>\n","protected":false},"excerpt":{"rendered":"<p>Questa foto, ieri sul far della sera, mostra un campo vicino a casa. L&#8217;agricoltore che lo stava compattando mi ha visto, ha girato il trattore ed \u00e8 venuto di gran carriera a salutarmi. In realt\u00e0 ha cercato di investirmi, mi &hellip; <a href=\"http:\/\/www.stefanome.it\/blog\/?p=19742\">Continue reading <span class=\"meta-nav\">&rarr;<\/span><\/a><\/p>\n","protected":false},"author":1,"featured_media":0,"comment_status":"open","ping_status":"open","sticky":false,"template":"","format":"standard","meta":{"footnotes":""},"categories":[1],"tags":[],"class_list":["post-19742","post","type-post","status-publish","format-standard","hentry","category-apc"],"_links":{"self":[{"href":"http:\/\/www.stefanome.it\/blog\/index.php?rest_route=\/wp\/v2\/posts\/19742","targetHints":{"allow":["GET"]}}],"collection":[{"href":"http:\/\/www.stefanome.it\/blog\/index.php?rest_route=\/wp\/v2\/posts"}],"about":[{"href":"http:\/\/www.stefanome.it\/blog\/index.php?rest_route=\/wp\/v2\/types\/post"}],"author":[{"embeddable":true,"href":"http:\/\/www.stefanome.it\/blog\/index.php?rest_route=\/wp\/v2\/users\/1"}],"replies":[{"embeddable":true,"href":"http:\/\/www.stefanome.it\/blog\/index.php?rest_route=%2Fwp%2Fv2%2Fcomments&post=19742"}],"version-history":[{"count":1,"href":"http:\/\/www.stefanome.it\/blog\/index.php?rest_route=\/wp\/v2\/posts\/19742\/revisions"}],"predecessor-version":[{"id":19744,"href":"http:\/\/www.stefanome.it\/blog\/index.php?rest_route=\/wp\/v2\/posts\/19742\/revisions\/19744"}],"wp:attachment":[{"href":"http:\/\/www.stefanome.it\/blog\/index.php?rest_route=%2Fwp%2Fv2%2Fmedia&parent=19742"}],"wp:term":[{"taxonomy":"category","embeddable":true,"href":"http:\/\/www.stefanome.it\/blog\/index.php?rest_route=%2Fwp%2Fv2%2Fcategories&post=19742"},{"taxonomy":"post_tag","embeddable":true,"href":"http:\/\/www.stefanome.it\/blog\/index.php?rest_route=%2Fwp%2Fv2%2Ftags&post=19742"}],"curies":[{"name":"wp","href":"https:\/\/api.w.org\/{rel}","templated":true}]}}