{"id":19735,"date":"2020-10-08T20:39:54","date_gmt":"2020-10-08T19:39:54","guid":{"rendered":"http:\/\/www.stefanome.it\/blog\/?p=19735"},"modified":"2020-10-08T21:08:34","modified_gmt":"2020-10-08T20:08:34","slug":"new-york","status":"publish","type":"post","link":"http:\/\/www.stefanome.it\/blog\/?p=19735","title":{"rendered":"New York."},"content":{"rendered":"\n<div class=\"wp-block-image\"><figure class=\"aligncenter size-large is-resized\"><a href=\"http:\/\/www.stefanome.it\/blog\/wp-content\/uploads\/2020\/10\/nyt1.jpg\" target=\"_blank\" rel=\"noopener noreferrer\"><img loading=\"lazy\" decoding=\"async\" src=\"http:\/\/www.stefanome.it\/blog\/wp-content\/uploads\/2020\/10\/nyt1.jpg\" alt=\"\" class=\"wp-image-19736\" width=\"512\" height=\"342\" srcset=\"http:\/\/www.stefanome.it\/blog\/wp-content\/uploads\/2020\/10\/nyt1.jpg 1024w, http:\/\/www.stefanome.it\/blog\/wp-content\/uploads\/2020\/10\/nyt1-300x200.jpg 300w, http:\/\/www.stefanome.it\/blog\/wp-content\/uploads\/2020\/10\/nyt1-768x512.jpg 768w\" sizes=\"auto, (max-width: 512px) 100vw, 512px\" \/><\/a><figcaption>Immagine dal New York Times del 8-10-20. Per gentile concessione un cazzo, l&#8217;ho scaricata e basta.<\/figcaption><\/figure><\/div>\n\n\n\n<p class=\"has-drop-cap\">Ovviamente New York mi manca. Ma altrettanto ovviamente io vivo in questo vivace paese europeo che si affaccia sul Mediterraneo, i problemi qui sono innumerevoli e mi preoccupano ben di pi\u00f9 di quanto non mi proccupino quelli d&#8217;oltre Oceano. Mi pare che i grattacapi generati dal COVID a New York siano molto simili a quelli che abbiamo, per dire, a Genova. Non fanno abbastanza tamponi, il tracciamento dei contagi \u00e8 difficile, i dati sono contrastanti, le scuole sono a rischio, non si trova la quadra su ristoranti e palestre, si parla di nuovo lockdown, di nuove restrizioni. Ci sono aree dove i residenti  per motivi religiosi e culturali fanno enorme fatica a mettere in pratica le norme per evitare il contagio. <\/p>\n\n\n\n<p>La foto che ho rubato dal New York Times mi sembra magnifica. E&#8217; New York, non pu\u00f2 essere in nessuna altra parte del mondo. Il marciapiede mi dice che \u00e8 New York, le persone mi dicono che \u00e8 New York. E&#8217; stata scattata nel quartiere a cavallo tra Brooklyn e Queens abitato esclusivamente da Ebrei Ortodossi. Qualche anno fa l&#8217;ho attraversato a piedi; per la strada camminavamo Miriam ed io ed eravamo gli unici non-di-loro. Ci sono solo Ebrei Ortodossi, le scritte sono in ebraico, non c&#8217;\u00e8 una persona che sia vestita senza l&#8217;abbigliamento tradizionale, anche chi guida gli autobus, chi pulisce le strade, donne e bambini, negozianti, pedoni (pochi) Ho letto che pare che neppure a Israele ci sia una concentrazione cos\u00ec assoluta di Ebrei Ortodossi, immersi esclusivamente nella loro cultura e tradizioni.<\/p>\n\n\n\n<p>Per un po&#8217; il sindaco ha fatto finta di non vedere che l&#8217;uso delle mascherine era inesistente, il distanziamento sociale neppure per sbaglio, feste, luoghi di culto affollati. Adesso per\u00f2 ha dovuto calcare la mano perch\u00e8 i contagi hanno iniziato a salire di nuovo. Non senza qualche screzio, hanno iniziato a rispettare le indicazioni. Non perch\u00e8 gli scorsi mesi ne sono morti tanti (tanti davvero), ma perch\u00e8 la polizia ha iniziato a pattugliare le strade. Nella foto si vede un gruppetto di maschi, credo di grado religioso basso, ad eccezione del tipo il cui cappello a torta si intravede appena spuntare da dietro i ragazzi,  quello dev&#8217;essere un rabbino importante. E poi tre della polizia di New York.<\/p>\n\n\n\n<p>Ripeto, questa fotografia per me \u00e8 eccezionale. Ma se quelli del NYT vengono a sapere che ho pubblicato su Internet una loro foto, si incazzano ? <\/p>\n","protected":false},"excerpt":{"rendered":"<p>Ovviamente New York mi manca. Ma altrettanto ovviamente io vivo in questo vivace paese europeo che si affaccia sul Mediterraneo, i problemi qui sono innumerevoli e mi preoccupano ben di pi\u00f9 di quanto non mi proccupino quelli d&#8217;oltre Oceano. Mi &hellip; <a href=\"http:\/\/www.stefanome.it\/blog\/?p=19735\">Continue reading <span class=\"meta-nav\">&rarr;<\/span><\/a><\/p>\n","protected":false},"author":1,"featured_media":0,"comment_status":"open","ping_status":"open","sticky":false,"template":"","format":"standard","meta":{"footnotes":""},"categories":[1],"tags":[],"class_list":["post-19735","post","type-post","status-publish","format-standard","hentry","category-apc"],"_links":{"self":[{"href":"http:\/\/www.stefanome.it\/blog\/index.php?rest_route=\/wp\/v2\/posts\/19735","targetHints":{"allow":["GET"]}}],"collection":[{"href":"http:\/\/www.stefanome.it\/blog\/index.php?rest_route=\/wp\/v2\/posts"}],"about":[{"href":"http:\/\/www.stefanome.it\/blog\/index.php?rest_route=\/wp\/v2\/types\/post"}],"author":[{"embeddable":true,"href":"http:\/\/www.stefanome.it\/blog\/index.php?rest_route=\/wp\/v2\/users\/1"}],"replies":[{"embeddable":true,"href":"http:\/\/www.stefanome.it\/blog\/index.php?rest_route=%2Fwp%2Fv2%2Fcomments&post=19735"}],"version-history":[{"count":5,"href":"http:\/\/www.stefanome.it\/blog\/index.php?rest_route=\/wp\/v2\/posts\/19735\/revisions"}],"predecessor-version":[{"id":19741,"href":"http:\/\/www.stefanome.it\/blog\/index.php?rest_route=\/wp\/v2\/posts\/19735\/revisions\/19741"}],"wp:attachment":[{"href":"http:\/\/www.stefanome.it\/blog\/index.php?rest_route=%2Fwp%2Fv2%2Fmedia&parent=19735"}],"wp:term":[{"taxonomy":"category","embeddable":true,"href":"http:\/\/www.stefanome.it\/blog\/index.php?rest_route=%2Fwp%2Fv2%2Fcategories&post=19735"},{"taxonomy":"post_tag","embeddable":true,"href":"http:\/\/www.stefanome.it\/blog\/index.php?rest_route=%2Fwp%2Fv2%2Ftags&post=19735"}],"curies":[{"name":"wp","href":"https:\/\/api.w.org\/{rel}","templated":true}]}}