{"id":19630,"date":"2020-09-26T23:01:27","date_gmt":"2020-09-26T22:01:27","guid":{"rendered":"http:\/\/www.stefanome.it\/blog\/?p=19630"},"modified":"2020-09-26T23:06:13","modified_gmt":"2020-09-26T22:06:13","slug":"solo-su-questi-schermi","status":"publish","type":"post","link":"http:\/\/www.stefanome.it\/blog\/?p=19630","title":{"rendered":"Solo su questi schermi."},"content":{"rendered":"\n<div class=\"wp-block-image\"><figure class=\"aligncenter size-large\"><a href=\"http:\/\/www.stefanome.it\/blog\/wp-content\/uploads\/2020\/09\/quercia-1.jpg\" target=\"_blank\" rel=\"noopener noreferrer\"><img loading=\"lazy\" decoding=\"async\" width=\"900\" height=\"675\" src=\"http:\/\/www.stefanome.it\/blog\/wp-content\/uploads\/2020\/09\/quercia-1.jpg\" alt=\"\" class=\"wp-image-19631\" srcset=\"http:\/\/www.stefanome.it\/blog\/wp-content\/uploads\/2020\/09\/quercia-1.jpg 900w, http:\/\/www.stefanome.it\/blog\/wp-content\/uploads\/2020\/09\/quercia-1-300x225.jpg 300w, http:\/\/www.stefanome.it\/blog\/wp-content\/uploads\/2020\/09\/quercia-1-768x576.jpg 768w\" sizes=\"auto, (max-width: 900px) 100vw, 900px\" \/><\/a><\/figure><\/div>\n\n\n\n<p>Questa foto \u00e8 carina ma nulla di pi\u00f9. Certo, io l&#8217;apprezzo particolarmente perch\u00e8 \u00e8 uno dei miei adorati alberi, ma foto di alberi in autunno ce ne sono a trillioni, molto, ma molto pi\u00f9 belle di questa. Eppure se io la metto su Instagram ricevo apprezzamenti sotto forma di &#8220;likes&#8221; o non so bene cosa. Io non conosco la razio di Instagram; se uno vuole vedere delle belle fotografie non segue me ma un fotografo professionista. Oppure io seguo un amico che mette le foto sue, della famiglia, dei bambini (anche se <em>sticazzi<\/em> alla massima potenza) della sua casa e di cose che ci uniscono nell&#8217;amicizia. Ma un anonimo albero del cazzo, perch\u00e8 riceve cos\u00ec tanti segni di apprezzamento ? E poi, quelle persone che non conosco e mi seguono, perch\u00e8 mostrano considerazione per una mia foto bruttina ? Amici di amici che si sono sentiti per WhatsApp e si sono scritti &#8220;segui menada che mette delle foto bellissime&#8221;. Non credo proprio. E poi, ultimo dei misteri, alcune gnocche che si sono messe a seguirmi, il loro profilo \u00e8 privato e per vedere le loro foto dovrei seguirle a mia volta. Escort ? Atleti bielorussi di lotta Greco-Romana travestiti ?<\/p>\n\n\n\n<p>E poi c&#8217;\u00e8 Facebook, dove molte persone mettono le foto mentre mangiano la polenta, mentre sono in una citt\u00e0 d&#8217;arte, la loro gita sui monti, il cane il gatto. Piuttosto che una anonimissima quercia  sarebbe pi\u00f9 comprensibile mettere una foto mentre taglio l&#8217;erba con il trattorino. Nemmeno a Miriam interessa, Facebook \u00e8 un immenso serbatoio di cose in buona parte inutili se non dannose. Caratteristica di questo blog \u00e8 che la mia ostentazione \u00e8 davvero orientata solo a me stesso, ed incredibilmente riservata ad un pubblico inatteso che decide scientemente di leggere queste pagine inutili. Non \u00e8 una piattaforma con 3 miliardi di iscritti, \u00e8 una cagata letta da un numero di persone che non credo superi le 10 unit\u00e0. Persone che rispetto e ringrazio, ma che sono destinate a leggere e vedere foto veramente inconsistenti. <\/p>\n\n\n\n<div class=\"wp-block-image\"><figure class=\"aligncenter size-large\"><img loading=\"lazy\" decoding=\"async\" width=\"640\" height=\"480\" src=\"http:\/\/www.stefanome.it\/blog\/wp-content\/uploads\/2020\/09\/trino.jpeg\" alt=\"\" class=\"wp-image-19633\" srcset=\"http:\/\/www.stefanome.it\/blog\/wp-content\/uploads\/2020\/09\/trino.jpeg 640w, http:\/\/www.stefanome.it\/blog\/wp-content\/uploads\/2020\/09\/trino-300x225.jpeg 300w\" sizes=\"auto, (max-width: 640px) 100vw, 640px\" \/><\/figure><\/div>\n\n\n\n<p>E non solo  una banale quercia, ma anche la foto che mi riprende mentre sono sul trattorino e taglio l&#8217;erba. Sembra che io stia per travolgere la Metasequoia. Sono anche ingobbito. La faccia \u00e8 quella di sempre e non pu\u00f2 migliorare.<\/p>\n\n\n\n<div class=\"wp-block-image\"><figure class=\"aligncenter size-large\"><img loading=\"lazy\" decoding=\"async\" width=\"640\" height=\"480\" src=\"http:\/\/www.stefanome.it\/blog\/wp-content\/uploads\/2020\/09\/currentlido-1.jpg\" alt=\"\" class=\"wp-image-19636\" srcset=\"http:\/\/www.stefanome.it\/blog\/wp-content\/uploads\/2020\/09\/currentlido-1.jpg 640w, http:\/\/www.stefanome.it\/blog\/wp-content\/uploads\/2020\/09\/currentlido-1-300x225.jpg 300w\" sizes=\"auto, (max-width: 640px) 100vw, 640px\" \/><\/figure><\/div>\n\n\n\n<p><\/p>\n","protected":false},"excerpt":{"rendered":"<p>Questa foto \u00e8 carina ma nulla di pi\u00f9. Certo, io l&#8217;apprezzo particolarmente perch\u00e8 \u00e8 uno dei miei adorati alberi, ma foto di alberi in autunno ce ne sono a trillioni, molto, ma molto pi\u00f9 belle di questa. Eppure se io &hellip; <a href=\"http:\/\/www.stefanome.it\/blog\/?p=19630\">Continue reading <span class=\"meta-nav\">&rarr;<\/span><\/a><\/p>\n","protected":false},"author":1,"featured_media":0,"comment_status":"open","ping_status":"open","sticky":false,"template":"","format":"standard","meta":{"footnotes":""},"categories":[1],"tags":[],"class_list":["post-19630","post","type-post","status-publish","format-standard","hentry","category-apc"],"_links":{"self":[{"href":"http:\/\/www.stefanome.it\/blog\/index.php?rest_route=\/wp\/v2\/posts\/19630","targetHints":{"allow":["GET"]}}],"collection":[{"href":"http:\/\/www.stefanome.it\/blog\/index.php?rest_route=\/wp\/v2\/posts"}],"about":[{"href":"http:\/\/www.stefanome.it\/blog\/index.php?rest_route=\/wp\/v2\/types\/post"}],"author":[{"embeddable":true,"href":"http:\/\/www.stefanome.it\/blog\/index.php?rest_route=\/wp\/v2\/users\/1"}],"replies":[{"embeddable":true,"href":"http:\/\/www.stefanome.it\/blog\/index.php?rest_route=%2Fwp%2Fv2%2Fcomments&post=19630"}],"version-history":[{"count":4,"href":"http:\/\/www.stefanome.it\/blog\/index.php?rest_route=\/wp\/v2\/posts\/19630\/revisions"}],"predecessor-version":[{"id":19637,"href":"http:\/\/www.stefanome.it\/blog\/index.php?rest_route=\/wp\/v2\/posts\/19630\/revisions\/19637"}],"wp:attachment":[{"href":"http:\/\/www.stefanome.it\/blog\/index.php?rest_route=%2Fwp%2Fv2%2Fmedia&parent=19630"}],"wp:term":[{"taxonomy":"category","embeddable":true,"href":"http:\/\/www.stefanome.it\/blog\/index.php?rest_route=%2Fwp%2Fv2%2Fcategories&post=19630"},{"taxonomy":"post_tag","embeddable":true,"href":"http:\/\/www.stefanome.it\/blog\/index.php?rest_route=%2Fwp%2Fv2%2Ftags&post=19630"}],"curies":[{"name":"wp","href":"https:\/\/api.w.org\/{rel}","templated":true}]}}