{"id":19615,"date":"2020-09-25T08:47:59","date_gmt":"2020-09-25T07:47:59","guid":{"rendered":"http:\/\/www.stefanome.it\/blog\/?p=19615"},"modified":"2020-09-25T08:47:59","modified_gmt":"2020-09-25T07:47:59","slug":"ecco-qui","status":"publish","type":"post","link":"http:\/\/www.stefanome.it\/blog\/?p=19615","title":{"rendered":"Ecco qui."},"content":{"rendered":"\n<div class=\"wp-block-image\"><figure class=\"aligncenter size-large\"><img loading=\"lazy\" decoding=\"async\" width=\"640\" height=\"853\" src=\"http:\/\/www.stefanome.it\/blog\/wp-content\/uploads\/2020\/09\/quercia.jpg\" alt=\"\" class=\"wp-image-19616\" srcset=\"http:\/\/www.stefanome.it\/blog\/wp-content\/uploads\/2020\/09\/quercia.jpg 640w, http:\/\/www.stefanome.it\/blog\/wp-content\/uploads\/2020\/09\/quercia-225x300.jpg 225w\" sizes=\"auto, (max-width: 640px) 100vw, 640px\" \/><\/figure><\/div>\n\n\n\n<p>Puntuale come il 740, ecco la classica foto dell&#8217;albero le cui foglie assumono la caratteristica livrea autunnale e sticazzi. Questo in particolare \u00e8 l&#8217;ultimo arrivato, messo a dimora un mesetto fa per fare ombra in uno spazio dove non ero riuscito a far crescere un albero per somma di errori.<\/p>\n\n\n\n<p>Sul libro del forestale tedesco leggo che gli alberi tolti dalla propria sede e trapiantati altrove non saranno mai in grado di crescere tanto e bene in quanto per l&#8217;espianto sono state recise le punte delle radici, sede dell&#8217;intelligenza sensoriale dell&#8217;albero. L&#8217;albero condurr\u00e0 una vita modesta, impossibilitato com&#8217;\u00e8 di espandere il proprio impianto radicale e dunque dipender\u00e0 sempre dall&#8217;irrigazione artificiale, le iniezioni di steroidi ed ogni tanto da una massaggiatrice che pratica l&#8217;happy ending. Oggi c&#8217;\u00e8 nebbia, che tutto sommato non \u00e8 un delitto, anzi tiene il prato umido. <\/p>\n","protected":false},"excerpt":{"rendered":"<p>Puntuale come il 740, ecco la classica foto dell&#8217;albero le cui foglie assumono la caratteristica livrea autunnale e sticazzi. Questo in particolare \u00e8 l&#8217;ultimo arrivato, messo a dimora un mesetto fa per fare ombra in uno spazio dove non ero &hellip; <a href=\"http:\/\/www.stefanome.it\/blog\/?p=19615\">Continue reading <span class=\"meta-nav\">&rarr;<\/span><\/a><\/p>\n","protected":false},"author":1,"featured_media":0,"comment_status":"open","ping_status":"open","sticky":false,"template":"","format":"standard","meta":{"footnotes":""},"categories":[1],"tags":[],"class_list":["post-19615","post","type-post","status-publish","format-standard","hentry","category-apc"],"_links":{"self":[{"href":"http:\/\/www.stefanome.it\/blog\/index.php?rest_route=\/wp\/v2\/posts\/19615","targetHints":{"allow":["GET"]}}],"collection":[{"href":"http:\/\/www.stefanome.it\/blog\/index.php?rest_route=\/wp\/v2\/posts"}],"about":[{"href":"http:\/\/www.stefanome.it\/blog\/index.php?rest_route=\/wp\/v2\/types\/post"}],"author":[{"embeddable":true,"href":"http:\/\/www.stefanome.it\/blog\/index.php?rest_route=\/wp\/v2\/users\/1"}],"replies":[{"embeddable":true,"href":"http:\/\/www.stefanome.it\/blog\/index.php?rest_route=%2Fwp%2Fv2%2Fcomments&post=19615"}],"version-history":[{"count":2,"href":"http:\/\/www.stefanome.it\/blog\/index.php?rest_route=\/wp\/v2\/posts\/19615\/revisions"}],"predecessor-version":[{"id":19618,"href":"http:\/\/www.stefanome.it\/blog\/index.php?rest_route=\/wp\/v2\/posts\/19615\/revisions\/19618"}],"wp:attachment":[{"href":"http:\/\/www.stefanome.it\/blog\/index.php?rest_route=%2Fwp%2Fv2%2Fmedia&parent=19615"}],"wp:term":[{"taxonomy":"category","embeddable":true,"href":"http:\/\/www.stefanome.it\/blog\/index.php?rest_route=%2Fwp%2Fv2%2Fcategories&post=19615"},{"taxonomy":"post_tag","embeddable":true,"href":"http:\/\/www.stefanome.it\/blog\/index.php?rest_route=%2Fwp%2Fv2%2Ftags&post=19615"}],"curies":[{"name":"wp","href":"https:\/\/api.w.org\/{rel}","templated":true}]}}