{"id":19587,"date":"2020-09-24T08:05:06","date_gmt":"2020-09-24T07:05:06","guid":{"rendered":"http:\/\/www.stefanome.it\/blog\/?p=19587"},"modified":"2020-09-24T09:51:54","modified_gmt":"2020-09-24T08:51:54","slug":"confido-nelle-bolam","status":"publish","type":"post","link":"http:\/\/www.stefanome.it\/blog\/?p=19587","title":{"rendered":"Confido nelle BOLAM."},"content":{"rendered":"\n<p>Il modello BOLAM per le prossime ore vede pioggia a Basaluzzo. E&#8217; l&#8217;unico, gli altri vedono il solito nulla pneumatico. Forza Bolam, conto su di te.<\/p>\n\n\n\n<p>E poi ho iniziato a leggere il secondo libro sugli alberi. Il primo, di un autore italiano, dopo un inizio promettente scivolava verso l&#8217;esoterico, parlando dell&#8217;intelligenza degli alberi. Questo ultimo libro invece sostiene che gli alberi si parlano tra di loro. <\/p>\n\n\n\n<p>Io sono il primo a ritenere che gli alberi siano macchine sofisticate che gestiscono la propria esistenza con meccanismi di interazione con l&#8217;ecosistema che ancora oggi non conosciamo del tutto, sono in giro da qualche milione di anni, sapranno bene come vivere e riprodursi ed espandersi. Non come noi umani che non abbiamo idea di come ci si rapporti all&#8217;ecosistema circostante, con risultati che dovrebbero essere noti a tutti. Da questo punto di vista in effetti gli intelligenti non siamo noi.<\/p>\n\n\n\n<p>Molta gente abbraccia gli alberi; io adoro gli alberi, ne ho messi a dimora pi\u00f9 di mille in questi anni non per farne legna da ardere ma per vederli crescere, per vederli integrati e scambiare mutuo beneficio con altre piante ed uccelli, animali. Ma al di la del simbolismo del gesto di abbracciare un albero, la mia interazione con essi trova la propria massima espressione nel dar loro da bere quando sono giovani, potare i rami danneggiati. Sono davvero felice se li vedo sani, robusti. Se gli alberi percepiscono le mie buone vibrazioni nel vederli sani non lo so, non posso escluderlo e posso anche cullarmi nell&#8217;idea che tra me e loro ci sia un legame speciale, ma non metto la testa nella terra per sentire i loro fruscii.<\/p>\n\n\n\n<p>Comunque per il momento ho appreso che in Europa secondo questo autore tedesco non esistono pi\u00f9 foreste vergini, tutti i boschi sono stati impiantati dall&#8217;uomo dopo le deforestazioni selvagge degli ultimi secoli. Ad onor del vero avevo letto da qualche parte invece che in Polonia resistono alcune zone dove la foresta \u00e8 quella originale pre homo sapiens sapiens &amp; sapiens.<\/p>\n\n\n\n<p>Finir\u00f2 di leggere questo libro, ma spero che vada pi\u00f9 nel concreto, altrimenti ne dovr\u00f2 cercare un altro.<\/p>\n\n\n\n<div class=\"wp-block-image\"><figure class=\"aligncenter size-large\"><img loading=\"lazy\" decoding=\"async\" width=\"640\" height=\"65\" src=\"http:\/\/www.stefanome.it\/blog\/wp-content\/uploads\/2020\/03\/divide_line3.jpg\" alt=\"\" class=\"wp-image-18393\" srcset=\"http:\/\/www.stefanome.it\/blog\/wp-content\/uploads\/2020\/03\/divide_line3.jpg 640w, http:\/\/www.stefanome.it\/blog\/wp-content\/uploads\/2020\/03\/divide_line3-300x30.jpg 300w\" sizes=\"auto, (max-width: 640px) 100vw, 640px\" \/><\/figure><\/div>\n\n\n\n<p>E gi\u00e0, finalmente.<\/p>\n\n\n\n<figure class=\"wp-block-image size-large\"><img loading=\"lazy\" decoding=\"async\" width=\"627\" height=\"285\" src=\"http:\/\/www.stefanome.it\/blog\/wp-content\/uploads\/2020\/09\/finalmente.jpg\" alt=\"\" class=\"wp-image-19592\" srcset=\"http:\/\/www.stefanome.it\/blog\/wp-content\/uploads\/2020\/09\/finalmente.jpg 627w, http:\/\/www.stefanome.it\/blog\/wp-content\/uploads\/2020\/09\/finalmente-300x136.jpg 300w\" sizes=\"auto, (max-width: 627px) 100vw, 627px\" \/><\/figure>\n\n\n\n<p>Non ho capito bene qual&#8217;\u00e8 il giro, neppure bene il genere delle persone coinvolte, Kis_ulily \u00e8 un uomo ? <\/p>\n","protected":false},"excerpt":{"rendered":"<p>Il modello BOLAM per le prossime ore vede pioggia a Basaluzzo. E&#8217; l&#8217;unico, gli altri vedono il solito nulla pneumatico. Forza Bolam, conto su di te. E poi ho iniziato a leggere il secondo libro sugli alberi. Il primo, di &hellip; <a href=\"http:\/\/www.stefanome.it\/blog\/?p=19587\">Continue reading <span class=\"meta-nav\">&rarr;<\/span><\/a><\/p>\n","protected":false},"author":1,"featured_media":0,"comment_status":"open","ping_status":"open","sticky":false,"template":"","format":"standard","meta":{"footnotes":""},"categories":[1],"tags":[],"class_list":["post-19587","post","type-post","status-publish","format-standard","hentry","category-apc"],"_links":{"self":[{"href":"http:\/\/www.stefanome.it\/blog\/index.php?rest_route=\/wp\/v2\/posts\/19587","targetHints":{"allow":["GET"]}}],"collection":[{"href":"http:\/\/www.stefanome.it\/blog\/index.php?rest_route=\/wp\/v2\/posts"}],"about":[{"href":"http:\/\/www.stefanome.it\/blog\/index.php?rest_route=\/wp\/v2\/types\/post"}],"author":[{"embeddable":true,"href":"http:\/\/www.stefanome.it\/blog\/index.php?rest_route=\/wp\/v2\/users\/1"}],"replies":[{"embeddable":true,"href":"http:\/\/www.stefanome.it\/blog\/index.php?rest_route=%2Fwp%2Fv2%2Fcomments&post=19587"}],"version-history":[{"count":5,"href":"http:\/\/www.stefanome.it\/blog\/index.php?rest_route=\/wp\/v2\/posts\/19587\/revisions"}],"predecessor-version":[{"id":19593,"href":"http:\/\/www.stefanome.it\/blog\/index.php?rest_route=\/wp\/v2\/posts\/19587\/revisions\/19593"}],"wp:attachment":[{"href":"http:\/\/www.stefanome.it\/blog\/index.php?rest_route=%2Fwp%2Fv2%2Fmedia&parent=19587"}],"wp:term":[{"taxonomy":"category","embeddable":true,"href":"http:\/\/www.stefanome.it\/blog\/index.php?rest_route=%2Fwp%2Fv2%2Fcategories&post=19587"},{"taxonomy":"post_tag","embeddable":true,"href":"http:\/\/www.stefanome.it\/blog\/index.php?rest_route=%2Fwp%2Fv2%2Ftags&post=19587"}],"curies":[{"name":"wp","href":"https:\/\/api.w.org\/{rel}","templated":true}]}}