{"id":19565,"date":"2020-09-21T07:22:19","date_gmt":"2020-09-21T06:22:19","guid":{"rendered":"http:\/\/www.stefanome.it\/blog\/?p=19565"},"modified":"2020-09-21T11:28:59","modified_gmt":"2020-09-21T10:28:59","slug":"equinozio-2","status":"publish","type":"post","link":"http:\/\/www.stefanome.it\/blog\/?p=19565","title":{"rendered":"Equinozio (quasi)"},"content":{"rendered":"\n<p class=\"has-text-color has-background\" style=\"background-color:#d0f6ce;color:#a30012\">Genova; oggi \u00e8 il 21 settembre 2020.<br>Il sole dura 12 h. 12 min. e 26 sec.<br>3 min. e 3 sec. in meno rispetto a ieri.<br>Dall&#8217;ultimo solstizio, il sole dura 3 h. 19 min. e 54 sec. in meno.<br>Rispetto al prossimo solstizio, il sole dura 3 h. 22 min. e 5 sec. in pi\u00f9.<\/p>\n\n\n\n<p class=\"has-text-color has-background\" style=\"background-color:#d0f6ce;color:#a30012\">Basaluzzo; oggi \u00e8 il 21 settembre 2020.<br>Il sole dura 12 h. 12 min. e 32 sec.<br>3 min. e 5 sec. in meno rispetto a ieri.<br>Dall&#8217;ultimo solstizio, il sole dura 3 h. 22 min. e 38 sec. in meno.<br>Rispetto al prossimo solstizio, il sole dura 3 h. 24 min. e 49 sec. in pi\u00f9.<\/p>\n\n\n\n<p>Questo set di informazioni mi piace un mondo. Oggi \u00e8 l&#8217;ultimo giorno che abbiamo pi\u00f9 giorno che notte. L&#8217;equinozio in realt\u00e0 \u00e8 domani mattina alle 3:30, perch\u00e8 durante il corso degli anni la sbiliguda bisestile crea alcune discrepanze. Alcuni siti invece dicono che \u00e8 alle 7:30, sempre di domani. La massa pensa che sia oggi, io non so cosa pensare ma domani il sole durer\u00e0 meno della notte, comunque.<\/p>\n\n\n\n<p><strong>PRECISAZIONI<\/strong>. Ho messo queste informazioni su Facebook ed un amico ha espresso perplessit\u00e0 sulla veridicit\u00e0 dei dati. In effetti anche a me suona strano il fatto che le giornate non iniziano ad allungarsi domani, ma il 25 di Settembre. Come mai, come non mai ? Ho scritto ad un gruppo di appassionati astronomi ed ho scoperto che:<\/p>\n\n\n\n<div class=\"wp-block-stevehenty-drop-shadow-box dropshadowboxes-container\" style=\"width:auto\"><div class=\"dropshadowboxes-drop-shadow dropshadowboxes-lifted-both dropshadowboxes-rounded-corners dropshadowboxes-inside-and-outside-shadow\" style=\"background-color:#FFFFFF;border-style:solid;border-width:2px;border-color:#DDDDDD;width:;padding:10px\"><div>\n<p><a href=\"https:\/\/www.facebook.com\/groups\/978902595478974\/user\/800173117\/?__cft__[0]=AZUl3xl4Uik0CF9gBzj2gShWMeFNc7qqSiP5bF4cNYje0JJ8_pthhtI2Ht3i8aOeBJga7EI_7JiWpd0QOuGf0562EYT2xGkTsGVgiJhaJZ1vxkW10ds_2hYV77Iy20vqkKBrk0FixiRRT2vlVMotJny_tMs2U5Wsr1hAyWIpM5fyKg&amp;__tn__=R]-R\">Lorenzo Catania<\/a> C&#8217;\u00e8 il problema della rifrazione della luce solare in atmosfera.Quando il sole si trova sull&#8217;orizzonte la sua luce deve attraversare uno strato molto spesso di aria, e il risultato \u00e8 che il disco compare sulla linea dell&#8217;orizzonte per alcuni minuti DOPO che nella realt\u00e0 \u00e8 gi\u00e0 tramontato (se ci fai caso, seguendo gli ultimi istanti di un tramonto, ti accorgerai che il sole sembra &#8220;rallentare&#8221;).Lo stesso avviene all&#8217;alba, quando vediamo spuntare il sole pochi minuti PRIMA del suo effettivo sorgere.Da qui il prolungamento della durata del giorno oltre l&#8217;atteso.Per quanto riguarda l&#8217;Equinozio, sar\u00e0 domani alle 15:31.<\/p>\n\n\n\n<p><a href=\"https:\/\/www.facebook.com\/groups\/978902595478974\/user\/1426551413\/?__cft__[0]=AZUl3xl4Uik0CF9gBzj2gShWMeFNc7qqSiP5bF4cNYje0JJ8_pthhtI2Ht3i8aOeBJga7EI_7JiWpd0QOuGf0562EYT2xGkTsGVgiJhaJZ1vxkW10ds_2hYV77Iy20vqkKBrk0FixiRRT2vlVMotJny_tMs2U5Wsr1hAyWIpM5fyKg&amp;__tn__=R]-R\">Antonio Piras<\/a> \u00c8 tutto corretto, astronomicamente l&#8217;equinozio \u00e8 determinato dalla posizione del centro del Sole. Nel calcolare la durata del giorno per\u00f2 si valutano gli instanti in cui il bordo del disco solare, che non \u00e8 certo puntiforme, \u00e8 tangente agli orizzonti.<\/p>\n<\/div><\/div><\/div>\n","protected":false},"excerpt":{"rendered":"<p>Genova; oggi \u00e8 il 21 settembre 2020.Il sole dura 12 h. 12 min. e 26 sec.3 min. e 3 sec. in meno rispetto a ieri.Dall&#8217;ultimo solstizio, il sole dura 3 h. 19 min. e 54 sec. in meno.Rispetto al prossimo &hellip; <a href=\"http:\/\/www.stefanome.it\/blog\/?p=19565\">Continue reading <span class=\"meta-nav\">&rarr;<\/span><\/a><\/p>\n","protected":false},"author":1,"featured_media":0,"comment_status":"open","ping_status":"open","sticky":false,"template":"","format":"standard","meta":{"footnotes":""},"categories":[1],"tags":[],"class_list":["post-19565","post","type-post","status-publish","format-standard","hentry","category-apc"],"_links":{"self":[{"href":"http:\/\/www.stefanome.it\/blog\/index.php?rest_route=\/wp\/v2\/posts\/19565","targetHints":{"allow":["GET"]}}],"collection":[{"href":"http:\/\/www.stefanome.it\/blog\/index.php?rest_route=\/wp\/v2\/posts"}],"about":[{"href":"http:\/\/www.stefanome.it\/blog\/index.php?rest_route=\/wp\/v2\/types\/post"}],"author":[{"embeddable":true,"href":"http:\/\/www.stefanome.it\/blog\/index.php?rest_route=\/wp\/v2\/users\/1"}],"replies":[{"embeddable":true,"href":"http:\/\/www.stefanome.it\/blog\/index.php?rest_route=%2Fwp%2Fv2%2Fcomments&post=19565"}],"version-history":[{"count":7,"href":"http:\/\/www.stefanome.it\/blog\/index.php?rest_route=\/wp\/v2\/posts\/19565\/revisions"}],"predecessor-version":[{"id":19573,"href":"http:\/\/www.stefanome.it\/blog\/index.php?rest_route=\/wp\/v2\/posts\/19565\/revisions\/19573"}],"wp:attachment":[{"href":"http:\/\/www.stefanome.it\/blog\/index.php?rest_route=%2Fwp%2Fv2%2Fmedia&parent=19565"}],"wp:term":[{"taxonomy":"category","embeddable":true,"href":"http:\/\/www.stefanome.it\/blog\/index.php?rest_route=%2Fwp%2Fv2%2Fcategories&post=19565"},{"taxonomy":"post_tag","embeddable":true,"href":"http:\/\/www.stefanome.it\/blog\/index.php?rest_route=%2Fwp%2Fv2%2Ftags&post=19565"}],"curies":[{"name":"wp","href":"https:\/\/api.w.org\/{rel}","templated":true}]}}