{"id":19551,"date":"2020-09-19T10:29:21","date_gmt":"2020-09-19T09:29:21","guid":{"rendered":"http:\/\/www.stefanome.it\/blog\/?p=19551"},"modified":"2020-09-19T10:29:21","modified_gmt":"2020-09-19T09:29:21","slug":"sempre-piu-vicini-allequinozio","status":"publish","type":"post","link":"http:\/\/www.stefanome.it\/blog\/?p=19551","title":{"rendered":"Sempre pi\u00f9 vicini all&#8217;equinozio."},"content":{"rendered":"\n<div class=\"wp-block-image\"><figure class=\"aligncenter size-large\"><img loading=\"lazy\" decoding=\"async\" width=\"640\" height=\"480\" src=\"http:\/\/www.stefanome.it\/blog\/wp-content\/uploads\/2020\/09\/explo2.jpg\" alt=\"\" class=\"wp-image-19553\" srcset=\"http:\/\/www.stefanome.it\/blog\/wp-content\/uploads\/2020\/09\/explo2.jpg 640w, http:\/\/www.stefanome.it\/blog\/wp-content\/uploads\/2020\/09\/explo2-300x225.jpg 300w\" sizes=\"auto, (max-width: 640px) 100vw, 640px\" \/><\/figure><\/div>\n\n\n\n<div class=\"wp-block-image\"><figure class=\"aligncenter size-large\"><img loading=\"lazy\" decoding=\"async\" width=\"640\" height=\"480\" src=\"http:\/\/www.stefanome.it\/blog\/wp-content\/uploads\/2020\/09\/explo.jpg\" alt=\"\" class=\"wp-image-19552\" srcset=\"http:\/\/www.stefanome.it\/blog\/wp-content\/uploads\/2020\/09\/explo.jpg 640w, http:\/\/www.stefanome.it\/blog\/wp-content\/uploads\/2020\/09\/explo-300x225.jpg 300w\" sizes=\"auto, (max-width: 640px) 100vw, 640px\" \/><\/figure><\/div>\n\n\n\n<p>Quel bambinone che guida la Casa Bianca ha dichiarato che in Austria ci sono pi\u00f9 alberi esplosivi che in USA. Testuale. Allora ho composto un avviso, appeso a due alberi, fatto le foto, pubblicate su Facebook ed Instagram. Ha ha ma quanto sono spiritoso. Ho ricevuto un solo commento da parte di un amico di New York, speravo che le foto diventassero virali, che tutto il mondo ne parlasse, che sarei diventato famoso, ricco, bello, pieno di gnocca che mi vuole conoscere, ne contatto una stupenda, fuggo durante la notte, incontro clandestino ma in realt\u00e0 \u00e8 un ex lottatore della ARCI Sumo Val Lemme, maschio, 200 kg ed un alito insopportabile che mi trascina in un bar a cantare il karaoke e mi attacca il COVID.<\/p>\n\n\n\n<div class=\"wp-block-image\"><figure class=\"aligncenter size-large\"><img loading=\"lazy\" decoding=\"async\" width=\"640\" height=\"65\" src=\"http:\/\/www.stefanome.it\/blog\/wp-content\/uploads\/2020\/03\/divide_line3.jpg\" alt=\"\" class=\"wp-image-18393\" srcset=\"http:\/\/www.stefanome.it\/blog\/wp-content\/uploads\/2020\/03\/divide_line3.jpg 640w, http:\/\/www.stefanome.it\/blog\/wp-content\/uploads\/2020\/03\/divide_line3-300x30.jpg 300w\" sizes=\"auto, (max-width: 640px) 100vw, 640px\" \/><\/figure><\/div>\n\n\n\n<p><strong>Dovrei studiare meglio la vita degli alberi. <\/strong>Immagino un contadino dei primi del &#8216;900, l&#8217;aratro viene trainato dai buoi, il resto si fa a mano. Siamo a fine estate, una lunga giornata di sole. Sole che \u00e8 ormai basso sull&#8217;orizzonte, un palmo di mano sopra i prati. Il contadino \u00e8 stanco, sa che la giornata sta per finire e non vede l&#8217;ora che inizi il crepuscolo per rientrare a casa, mangiare, andare a dormire. (Non senza aver prima coperto la moglie per farle fare il quindicesimo figlio, divorato un kg di fagioli, fatto rutti e scoregge in misura da gonfiare un dirigibile)<\/p>\n\n\n\n<p>Comunque, il contadino sta zappando una parte dell&#8217;orto, e zappa, zappa. Passa ancora del tempo \u00e8 c&#8217;\u00e8 qualcosa di strano. Guarda il sole, alza la mano, \u00e8 sempre ad un palmo sopra i campi. Riprende a zappare. Il tempo passa ma il sole \u00e8 sempre nell&#8217;esatto punto di prima. Il contadino sa che pu\u00f2 andare a riposare solo dopo che il sole \u00e8 tramontato, ma questo non tramonta. Ed egli continua a zappare, \u00e8 stravolto dalla fatica ed il sole \u00e8 ancora li, immobile. Mi metto nei panni del contadino.<\/p>\n\n\n\n<p>E poi immagino che gli alberi stiano vivendo una situazione simile; dopo una lunga, calda e secca estate non vedono l&#8217;ora di iniziarsi a preparare per il riposo invernale. Ma questa cazzo di alta pressione che insiste su mezza Europa porta ancora temperature diurne simili a quelle di Luglio. Gli alberi, al pari del contadino, continuano a lavorare ma sono stremati, alcuni iniziano ad ingiallire ma hanno anche i getti sempre pi\u00f9 gonfi, ci sono anche timide foglioline che spuntano. Vorrebbero l&#8217;autunno perch\u00e8 da una manciata di milioni di anni \u00e8 cos\u00ec che funziona, ma la termoregolazione segnala che \u00e8 ancora presto, perch\u00e8 ci sono 30 fottuti gradi e non \u00e8 giunto il tempo di pensare al sonno.<\/p>\n\n\n\n<p>Ecco; non so se sia davvero cos\u00ec, gli alberi sono in giro da troppo tempo per lascirsi intimidire da una estate che non vuole finire, per quanto ne so hanno una notevole pazienza e vegetano tranquillamente a velocit\u00e0 ridotta aspettando che pioggia e freddo inizino a farsi sentire.<\/p>\n\n\n\n<p>Ma io, ignorante in materia, non riesco a non pensare che invece ci sia della sofferenza in giro nel bosco, e la patisco. Allora devo documentarmi, devo trovare un libro che mi spiega la vita degli alberi.<\/p>\n\n\n\n<p><strong>Disclaimer. <\/strong>E&#8217; molto probabile che io abbia gi\u00e0 scritto le cazzate di cui sopra lo scorso autunno o quello precedente. Mi sto rincoglionendo e siccome la mia routine di cancellazione del passato, al contrario funziona egregiamente, ecco come stanno le cose.<\/p>\n","protected":false},"excerpt":{"rendered":"<p>Quel bambinone che guida la Casa Bianca ha dichiarato che in Austria ci sono pi\u00f9 alberi esplosivi che in USA. Testuale. Allora ho composto un avviso, appeso a due alberi, fatto le foto, pubblicate su Facebook ed Instagram. Ha ha &hellip; <a href=\"http:\/\/www.stefanome.it\/blog\/?p=19551\">Continue reading <span class=\"meta-nav\">&rarr;<\/span><\/a><\/p>\n","protected":false},"author":1,"featured_media":0,"comment_status":"open","ping_status":"open","sticky":false,"template":"","format":"standard","meta":{"footnotes":""},"categories":[1],"tags":[],"class_list":["post-19551","post","type-post","status-publish","format-standard","hentry","category-apc"],"_links":{"self":[{"href":"http:\/\/www.stefanome.it\/blog\/index.php?rest_route=\/wp\/v2\/posts\/19551","targetHints":{"allow":["GET"]}}],"collection":[{"href":"http:\/\/www.stefanome.it\/blog\/index.php?rest_route=\/wp\/v2\/posts"}],"about":[{"href":"http:\/\/www.stefanome.it\/blog\/index.php?rest_route=\/wp\/v2\/types\/post"}],"author":[{"embeddable":true,"href":"http:\/\/www.stefanome.it\/blog\/index.php?rest_route=\/wp\/v2\/users\/1"}],"replies":[{"embeddable":true,"href":"http:\/\/www.stefanome.it\/blog\/index.php?rest_route=%2Fwp%2Fv2%2Fcomments&post=19551"}],"version-history":[{"count":3,"href":"http:\/\/www.stefanome.it\/blog\/index.php?rest_route=\/wp\/v2\/posts\/19551\/revisions"}],"predecessor-version":[{"id":19557,"href":"http:\/\/www.stefanome.it\/blog\/index.php?rest_route=\/wp\/v2\/posts\/19551\/revisions\/19557"}],"wp:attachment":[{"href":"http:\/\/www.stefanome.it\/blog\/index.php?rest_route=%2Fwp%2Fv2%2Fmedia&parent=19551"}],"wp:term":[{"taxonomy":"category","embeddable":true,"href":"http:\/\/www.stefanome.it\/blog\/index.php?rest_route=%2Fwp%2Fv2%2Fcategories&post=19551"},{"taxonomy":"post_tag","embeddable":true,"href":"http:\/\/www.stefanome.it\/blog\/index.php?rest_route=%2Fwp%2Fv2%2Ftags&post=19551"}],"curies":[{"name":"wp","href":"https:\/\/api.w.org\/{rel}","templated":true}]}}