{"id":19544,"date":"2020-09-17T19:40:17","date_gmt":"2020-09-17T18:40:17","guid":{"rendered":"http:\/\/www.stefanome.it\/blog\/?p=19544"},"modified":"2020-09-17T20:07:28","modified_gmt":"2020-09-17T19:07:28","slug":"cosi-tanto-per-citare-una-situazione-senza-troppe-aspettative","status":"publish","type":"post","link":"http:\/\/www.stefanome.it\/blog\/?p=19544","title":{"rendered":"Cos\u00ec, tanto per citare una situazione senza troppe aspettative."},"content":{"rendered":"\n<div class=\"wp-block-image\"><figure class=\"aligncenter size-large\"><img loading=\"lazy\" decoding=\"async\" width=\"768\" height=\"512\" src=\"http:\/\/www.stefanome.it\/blog\/wp-content\/uploads\/2020\/09\/gfs-2-78.png\" alt=\"\" class=\"wp-image-19545\" srcset=\"http:\/\/www.stefanome.it\/blog\/wp-content\/uploads\/2020\/09\/gfs-2-78.png 768w, http:\/\/www.stefanome.it\/blog\/wp-content\/uploads\/2020\/09\/gfs-2-78-300x200.png 300w\" sizes=\"auto, (max-width: 768px) 100vw, 768px\" \/><\/figure><\/div>\n\n\n\n<p>Domenica sera (su Basaluzzo) secondo GFS potrebbe iniziare una fase perturbata che parrebbe andare avanti per 3-4 giorni addirittura. Seguo meteorologia da quando avevo 15 anni ed in televisione c&#8217;era Edmondo Bernacca. Il clima \u00e8 cambiato ed \u00e8 in continua evoluzione, ma se c&#8217;\u00e8 una cosa che non cambia mai \u00e8 la frontolisi delle prime perturbazioni autunnali. In altri termini, le prime saccature che entrano sul Mediterraneo occidentale da Ovest semplicemente si dissolvono prima ancora di toccare le sponde della Liguria. Sistematicamente. Adesso ne sembra arrivare una, molto lentamente, che in realt\u00e0 parrebbe essere composta da diversi impulsi perturbati. Si vedono nella mappa, sono 4 in fila da Ovest-sudovest verso Est-nordest (circa)<\/p>\n\n\n\n<p>Da seguire attentamente; dal punto di vista didattico potrebbe insegnare elementi importanti del tipo &#8220;sono venute quattro gocce del cazzo&#8221;, oppure &#8220;l&#8217;ennesima fregatura di questa fase merdosa di un autunno inesistente&#8221; ma anche &#8220;ti sei fatto troppe illusioni, merda&#8221;.<\/p>\n\n\n\n<p>In altri tempi mi sarei lanciato in una previsione &#8220;a sensazione&#8221; motivandola con ragioni tecniche. Ma questa volta, siamo nel 2020 e tutto il resto, taccio davvero.<\/p>\n\n\n\n<div class=\"wp-block-image\"><figure class=\"aligncenter size-large\"><img loading=\"lazy\" decoding=\"async\" width=\"640\" height=\"65\" src=\"http:\/\/www.stefanome.it\/blog\/wp-content\/uploads\/2020\/03\/divide_line3.jpg\" alt=\"\" class=\"wp-image-18393\" srcset=\"http:\/\/www.stefanome.it\/blog\/wp-content\/uploads\/2020\/03\/divide_line3.jpg 640w, http:\/\/www.stefanome.it\/blog\/wp-content\/uploads\/2020\/03\/divide_line3-300x30.jpg 300w\" sizes=\"auto, (max-width: 640px) 100vw, 640px\" \/><\/figure><\/div>\n\n\n\n<div class=\"wp-block-image\"><figure class=\"aligncenter size-large\"><img loading=\"lazy\" decoding=\"async\" width=\"448\" height=\"498\" src=\"http:\/\/www.stefanome.it\/blog\/wp-content\/uploads\/2020\/09\/cooky.jpg\" alt=\"\" class=\"wp-image-19548\" srcset=\"http:\/\/www.stefanome.it\/blog\/wp-content\/uploads\/2020\/09\/cooky.jpg 448w, http:\/\/www.stefanome.it\/blog\/wp-content\/uploads\/2020\/09\/cooky-270x300.jpg 270w\" sizes=\"auto, (max-width: 448px) 100vw, 448px\" \/><\/figure><\/div>\n\n\n\n<p><strong>Che cazzo vuol dire ?<\/strong> Sto usando Chrome invece di Firefox &#8211; ogni tanto faccio qualche esperimento di chimica industriale applicata ai browser. A fianco dell&#8217;indirizzo della mia home page c&#8217;\u00e8 la scritta &#8220;Not secure&#8221;. Cliccando viene fuori una indicazione che sembrerebbe indicare la presenza di cookies. Se ci\u00f2 \u00e8 vero, perch\u00e8 ci sono e chi li ha messi ? Io no, neppure saprei come fare e soprattutto a che mi servirebbero ? <\/p>\n\n\n\n<p>O li ha messi Aruba per gestire le statistiche dei visitatori ( a proposito&#8230; ) oppure proprio non saprei. Google ? Bill Gates in persona ? <\/p>\n\n\n\n<div class=\"wp-block-image\"><figure class=\"aligncenter size-large\"><img loading=\"lazy\" decoding=\"async\" width=\"600\" height=\"122\" src=\"http:\/\/www.stefanome.it\/blog\/wp-content\/uploads\/2016\/04\/masticaz.jpg\" alt=\"\" class=\"wp-image-11501\" srcset=\"http:\/\/www.stefanome.it\/blog\/wp-content\/uploads\/2016\/04\/masticaz.jpg 600w, http:\/\/www.stefanome.it\/blog\/wp-content\/uploads\/2016\/04\/masticaz-300x61.jpg 300w\" sizes=\"auto, (max-width: 600px) 100vw, 600px\" \/><\/figure><\/div>\n","protected":false},"excerpt":{"rendered":"<p>Domenica sera (su Basaluzzo) secondo GFS potrebbe iniziare una fase perturbata che parrebbe andare avanti per 3-4 giorni addirittura. Seguo meteorologia da quando avevo 15 anni ed in televisione c&#8217;era Edmondo Bernacca. Il clima \u00e8 cambiato ed \u00e8 in continua &hellip; <a href=\"http:\/\/www.stefanome.it\/blog\/?p=19544\">Continue reading <span class=\"meta-nav\">&rarr;<\/span><\/a><\/p>\n","protected":false},"author":1,"featured_media":0,"comment_status":"open","ping_status":"open","sticky":false,"template":"","format":"standard","meta":{"footnotes":""},"categories":[1],"tags":[],"class_list":["post-19544","post","type-post","status-publish","format-standard","hentry","category-apc"],"_links":{"self":[{"href":"http:\/\/www.stefanome.it\/blog\/index.php?rest_route=\/wp\/v2\/posts\/19544","targetHints":{"allow":["GET"]}}],"collection":[{"href":"http:\/\/www.stefanome.it\/blog\/index.php?rest_route=\/wp\/v2\/posts"}],"about":[{"href":"http:\/\/www.stefanome.it\/blog\/index.php?rest_route=\/wp\/v2\/types\/post"}],"author":[{"embeddable":true,"href":"http:\/\/www.stefanome.it\/blog\/index.php?rest_route=\/wp\/v2\/users\/1"}],"replies":[{"embeddable":true,"href":"http:\/\/www.stefanome.it\/blog\/index.php?rest_route=%2Fwp%2Fv2%2Fcomments&post=19544"}],"version-history":[{"count":4,"href":"http:\/\/www.stefanome.it\/blog\/index.php?rest_route=\/wp\/v2\/posts\/19544\/revisions"}],"predecessor-version":[{"id":19550,"href":"http:\/\/www.stefanome.it\/blog\/index.php?rest_route=\/wp\/v2\/posts\/19544\/revisions\/19550"}],"wp:attachment":[{"href":"http:\/\/www.stefanome.it\/blog\/index.php?rest_route=%2Fwp%2Fv2%2Fmedia&parent=19544"}],"wp:term":[{"taxonomy":"category","embeddable":true,"href":"http:\/\/www.stefanome.it\/blog\/index.php?rest_route=%2Fwp%2Fv2%2Fcategories&post=19544"},{"taxonomy":"post_tag","embeddable":true,"href":"http:\/\/www.stefanome.it\/blog\/index.php?rest_route=%2Fwp%2Fv2%2Ftags&post=19544"}],"curies":[{"name":"wp","href":"https:\/\/api.w.org\/{rel}","templated":true}]}}