{"id":17363,"date":"2019-09-21T22:34:28","date_gmt":"2019-09-21T21:34:28","guid":{"rendered":"http:\/\/www.stefanome.it\/blog\/?p=17363"},"modified":"2019-09-22T09:42:09","modified_gmt":"2019-09-22T08:42:09","slug":"varie-verdi","status":"publish","type":"post","link":"http:\/\/www.stefanome.it\/blog\/?p=17363","title":{"rendered":"Varie verdi."},"content":{"rendered":"\n<div class=\"wp-block-image\"><figure class=\"aligncenter\"><img loading=\"lazy\" decoding=\"async\" width=\"375\" height=\"500\" src=\"http:\/\/www.stefanome.it\/blog\/wp-content\/uploads\/2019\/09\/IMG_20190920_184901.jpg\" alt=\"\" class=\"wp-image-17367\" srcset=\"http:\/\/www.stefanome.it\/blog\/wp-content\/uploads\/2019\/09\/IMG_20190920_184901.jpg 375w, http:\/\/www.stefanome.it\/blog\/wp-content\/uploads\/2019\/09\/IMG_20190920_184901-225x300.jpg 225w\" sizes=\"auto, (max-width: 375px) 100vw, 375px\" \/><\/figure><\/div>\n\n\n\n<p>La Q1, senza tutori, senza recinto. Resta il quadrato di trinciato che prima o poi diventer\u00e0 prato. Sono un padre troppo premuroso ed \u00e8 giunto il momento che cresca con le proprie forze, resistendo ai venti ed ai caprioli.<\/p>\n\n\n\n<div class=\"wp-block-image\"><figure class=\"aligncenter\"><img loading=\"lazy\" decoding=\"async\" width=\"375\" height=\"500\" src=\"http:\/\/www.stefanome.it\/blog\/wp-content\/uploads\/2019\/09\/IMG_20190920_182604.jpg\" alt=\"\" class=\"wp-image-17365\" srcset=\"http:\/\/www.stefanome.it\/blog\/wp-content\/uploads\/2019\/09\/IMG_20190920_182604.jpg 375w, http:\/\/www.stefanome.it\/blog\/wp-content\/uploads\/2019\/09\/IMG_20190920_182604-225x300.jpg 225w\" sizes=\"auto, (max-width: 375px) 100vw, 375px\" \/><\/figure><\/div>\n\n\n\n<p>Questo Carpino \u00e8 l&#8217;unico albero che ha colorazione autunnale di tutto il circondario. Anche le Acacie stanno mettendo qualche foglia gialla, ma  \u00e8 nulla di stagionale, le Querce invece sono verdissime.<\/p>\n\n\n\n<figure class=\"wp-block-image\"><img loading=\"lazy\" decoding=\"async\" width=\"600\" height=\"450\" src=\"http:\/\/www.stefanome.it\/blog\/wp-content\/uploads\/2019\/09\/IMG_20190920_170551.jpg\" alt=\"\" class=\"wp-image-17364\" srcset=\"http:\/\/www.stefanome.it\/blog\/wp-content\/uploads\/2019\/09\/IMG_20190920_170551.jpg 600w, http:\/\/www.stefanome.it\/blog\/wp-content\/uploads\/2019\/09\/IMG_20190920_170551-300x225.jpg 300w\" sizes=\"auto, (max-width: 600px) 100vw, 600px\" \/><\/figure>\n\n\n\n<p>Uno scoiattolo. La foto \u00e8 il massimo che si pu\u00f2 fare con il telefono. Erano due, che si rincorrevano da un albero all&#8217;altro passando dal prato sottostante.<\/p>\n\n\n\n<figure class=\"wp-block-image\"><img loading=\"lazy\" decoding=\"async\" width=\"600\" height=\"483\" src=\"http:\/\/www.stefanome.it\/blog\/wp-content\/uploads\/2019\/09\/IMG_20190920_182648.jpg\" alt=\"\" class=\"wp-image-17366\" srcset=\"http:\/\/www.stefanome.it\/blog\/wp-content\/uploads\/2019\/09\/IMG_20190920_182648.jpg 600w, http:\/\/www.stefanome.it\/blog\/wp-content\/uploads\/2019\/09\/IMG_20190920_182648-300x242.jpg 300w\" sizes=\"auto, (max-width: 600px) 100vw, 600px\" \/><\/figure>\n\n\n\n<p>Questo \u00e8 un mini canguro della Malfornita. Raro esemplare di una specie che \u00e8 nata dalle modificazioni genetiche che induco in zona utilizzando sostanze psicotrope come erbicida. Anche in questo caso, la foto fa cagare.<\/p>\n\n\n\n<div class=\"wp-block-image\"><figure class=\"aligncenter\"><img loading=\"lazy\" decoding=\"async\" width=\"450\" height=\"600\" src=\"http:\/\/www.stefanome.it\/blog\/wp-content\/uploads\/2019\/09\/IMG_20190921_160008.jpg\" alt=\"\" class=\"wp-image-17370\" srcset=\"http:\/\/www.stefanome.it\/blog\/wp-content\/uploads\/2019\/09\/IMG_20190921_160008.jpg 450w, http:\/\/www.stefanome.it\/blog\/wp-content\/uploads\/2019\/09\/IMG_20190921_160008-225x300.jpg 225w\" sizes=\"auto, (max-width: 450px) 100vw, 450px\" \/><figcaption>Sequoia<\/figcaption><\/figure><\/div>\n\n\n\n<p>La sequoia \u00e8 cresciuta un po&#8217;. Sembra incredibile che questa minuscola piantina, se lasciata in pace (nessuno le rompe il belino la taglia la brucia la mangia) dicevo incredibile che possa vivere per mille anni e diventare alta come una casa di 25 piani.<\/p>\n\n\n\n<div class=\"wp-block-image\"><figure class=\"aligncenter\"><img loading=\"lazy\" decoding=\"async\" width=\"375\" height=\"500\" src=\"http:\/\/www.stefanome.it\/blog\/wp-content\/uploads\/2019\/09\/IMG_20190921_160112.jpg\" alt=\"\" class=\"wp-image-17371\" srcset=\"http:\/\/www.stefanome.it\/blog\/wp-content\/uploads\/2019\/09\/IMG_20190921_160112.jpg 375w, http:\/\/www.stefanome.it\/blog\/wp-content\/uploads\/2019\/09\/IMG_20190921_160112-225x300.jpg 225w\" sizes=\"auto, (max-width: 375px) 100vw, 375px\" \/><figcaption>Coast Redwood<\/figcaption><\/figure><\/div>\n\n\n\n<p>Anche questa \u00e8 viva. Non cresce, o insomma cresce di qualche millimetro ma \u00e8 verde come non mai.<\/p>\n\n\n\n<div class=\"wp-block-image\"><figure class=\"aligncenter\"><img loading=\"lazy\" decoding=\"async\" width=\"375\" height=\"500\" src=\"http:\/\/www.stefanome.it\/blog\/wp-content\/uploads\/2019\/09\/IMG_20190921_165234.jpg\" alt=\"\" class=\"wp-image-17372\" srcset=\"http:\/\/www.stefanome.it\/blog\/wp-content\/uploads\/2019\/09\/IMG_20190921_165234.jpg 375w, http:\/\/www.stefanome.it\/blog\/wp-content\/uploads\/2019\/09\/IMG_20190921_165234-225x300.jpg 225w\" sizes=\"auto, (max-width: 375px) 100vw, 375px\" \/><\/figure><\/div>\n\n\n\n<p>In attesa che abbia luogo la costruzione della recinzione anti cinghiali, si attivano sistemi di dissuasione fantasiosi. Qualche bambino questa notte pianger\u00e0 perch\u00e8 il suo pigiama dalmata \u00e8 sparito ed al suo posto indosser\u00e0 una maglia di spiderman piena di vinavil. Ci vorr\u00e0 una settimana perch\u00e8 tutta la zona sia protetta, nel frattempo&#8230; BOOOO cinghiali. Vedremo se funziona domattina.<\/p>\n\n\n\n<figure class=\"wp-block-image\"><img loading=\"lazy\" decoding=\"async\" width=\"640\" height=\"480\" src=\"http:\/\/www.stefanome.it\/blog\/wp-content\/uploads\/2019\/09\/IMG_20190922_081746.jpg\" alt=\"\" class=\"wp-image-17374\" srcset=\"http:\/\/www.stefanome.it\/blog\/wp-content\/uploads\/2019\/09\/IMG_20190922_081746.jpg 640w, http:\/\/www.stefanome.it\/blog\/wp-content\/uploads\/2019\/09\/IMG_20190922_081746-300x225.jpg 300w\" sizes=\"auto, (max-width: 640px) 100vw, 640px\" \/><figcaption>Colori palesemente sfalsati.<\/figcaption><\/figure>\n\n\n\n<p>Che fatica far crescere le Acacie. Sono alberi totalmente invadenti, tranne che in questo scampolo di prato.<\/p>\n\n\n\n<figure class=\"wp-block-image\"><img loading=\"lazy\" decoding=\"async\" width=\"640\" height=\"480\" src=\"http:\/\/www.stefanome.it\/blog\/wp-content\/uploads\/2019\/09\/IMG_20190922_082216.jpg\" alt=\"\" class=\"wp-image-17375\" srcset=\"http:\/\/www.stefanome.it\/blog\/wp-content\/uploads\/2019\/09\/IMG_20190922_082216.jpg 640w, http:\/\/www.stefanome.it\/blog\/wp-content\/uploads\/2019\/09\/IMG_20190922_082216-300x225.jpg 300w\" sizes=\"auto, (max-width: 640px) 100vw, 640px\" \/><figcaption>Colori palesemente sfalsati<\/figcaption><\/figure>\n\n\n\n<p>La Q5. L&#8217;originale non mi sembrava cos\u00ec, comunque cresce stabilmente in tutte le direzioni facendola pi\u00f9 assomigliare ad un cespuglio\/arbusto che non ad una nobile Quercia ad Alto fusto. Non mi sento ancora di togliere la rete di protezione, i Caprioli credo apprezzerebbero le foglioline ed \u00e8 ancora troppo bassa.<\/p>\n","protected":false},"excerpt":{"rendered":"<p>La Q1, senza tutori, senza recinto. Resta il quadrato di trinciato che prima o poi diventer\u00e0 prato. Sono un padre troppo premuroso ed \u00e8 giunto il momento che cresca con le proprie forze, resistendo ai venti ed ai caprioli. Questo &hellip; <a href=\"http:\/\/www.stefanome.it\/blog\/?p=17363\">Continue reading <span class=\"meta-nav\">&rarr;<\/span><\/a><\/p>\n","protected":false},"author":1,"featured_media":0,"comment_status":"open","ping_status":"open","sticky":false,"template":"","format":"standard","meta":{"footnotes":""},"categories":[1],"tags":[],"class_list":["post-17363","post","type-post","status-publish","format-standard","hentry","category-apc"],"_links":{"self":[{"href":"http:\/\/www.stefanome.it\/blog\/index.php?rest_route=\/wp\/v2\/posts\/17363","targetHints":{"allow":["GET"]}}],"collection":[{"href":"http:\/\/www.stefanome.it\/blog\/index.php?rest_route=\/wp\/v2\/posts"}],"about":[{"href":"http:\/\/www.stefanome.it\/blog\/index.php?rest_route=\/wp\/v2\/types\/post"}],"author":[{"embeddable":true,"href":"http:\/\/www.stefanome.it\/blog\/index.php?rest_route=\/wp\/v2\/users\/1"}],"replies":[{"embeddable":true,"href":"http:\/\/www.stefanome.it\/blog\/index.php?rest_route=%2Fwp%2Fv2%2Fcomments&post=17363"}],"version-history":[{"count":3,"href":"http:\/\/www.stefanome.it\/blog\/index.php?rest_route=\/wp\/v2\/posts\/17363\/revisions"}],"predecessor-version":[{"id":17376,"href":"http:\/\/www.stefanome.it\/blog\/index.php?rest_route=\/wp\/v2\/posts\/17363\/revisions\/17376"}],"wp:attachment":[{"href":"http:\/\/www.stefanome.it\/blog\/index.php?rest_route=%2Fwp%2Fv2%2Fmedia&parent=17363"}],"wp:term":[{"taxonomy":"category","embeddable":true,"href":"http:\/\/www.stefanome.it\/blog\/index.php?rest_route=%2Fwp%2Fv2%2Fcategories&post=17363"},{"taxonomy":"post_tag","embeddable":true,"href":"http:\/\/www.stefanome.it\/blog\/index.php?rest_route=%2Fwp%2Fv2%2Ftags&post=17363"}],"curies":[{"name":"wp","href":"https:\/\/api.w.org\/{rel}","templated":true}]}}