{"id":17334,"date":"2019-09-14T17:35:04","date_gmt":"2019-09-14T16:35:04","guid":{"rendered":"http:\/\/www.stefanome.it\/blog\/?p=17334"},"modified":"2019-09-14T22:57:27","modified_gmt":"2019-09-14T21:57:27","slug":"di-mattina-si-sta-bene","status":"publish","type":"post","link":"http:\/\/www.stefanome.it\/blog\/?p=17334","title":{"rendered":"Di mattina si sta bene."},"content":{"rendered":"\n<figure class=\"wp-block-image\"><img loading=\"lazy\" decoding=\"async\" width=\"640\" height=\"480\" src=\"http:\/\/www.stefanome.it\/blog\/wp-content\/uploads\/2019\/09\/P1050109.jpg\" alt=\"\" class=\"wp-image-17335\" srcset=\"http:\/\/www.stefanome.it\/blog\/wp-content\/uploads\/2019\/09\/P1050109.jpg 640w, http:\/\/www.stefanome.it\/blog\/wp-content\/uploads\/2019\/09\/P1050109-300x225.jpg 300w\" sizes=\"auto, (max-width: 640px) 100vw, 640px\" \/><figcaption>Si vede anche l&#8217;inutil cerchio delle infestanti.<\/figcaption><\/figure>\n\n\n\n<p>All&#8217;alba ci sono pi\u00f9 o meno 12-14 gradi ed i prati sono bagnati di rugiada. Sembra di essere in autunno. Poi, verso le 3 del pomeriggio, si sfiorano i 30 gradi; secondo delle interessanti ed orientate teorie, \u00e8 tutto nella norma perch\u00e8 fa parte di un ciclo che per\u00f2 malauguratamente risiede solo nelle vostre teste di cazzo in loop. <\/p>\n\n\n\n<figure class=\"wp-block-image\"><img loading=\"lazy\" decoding=\"async\" width=\"640\" height=\"480\" src=\"http:\/\/www.stefanome.it\/blog\/wp-content\/uploads\/2019\/09\/P1050112.jpg\" alt=\"\" class=\"wp-image-17336\" srcset=\"http:\/\/www.stefanome.it\/blog\/wp-content\/uploads\/2019\/09\/P1050112.jpg 640w, http:\/\/www.stefanome.it\/blog\/wp-content\/uploads\/2019\/09\/P1050112-300x225.jpg 300w\" sizes=\"auto, (max-width: 640px) 100vw, 640px\" \/><\/figure>\n\n\n\n<p>Una delle Carpe si aggira nelle vicinanze di uno scavo del cinghiale. Perch\u00e8 lo stronzo peloso questa notte ha di nuovo visitato le amene sponde facendo buchi in giro. Niente di devastante, ma se la notte dormisse a casa sua senza scavar buchi, a me sarebbe pi\u00f9 simpatico.<\/p>\n\n\n\n<p><strong>Aggiornamento webcam sporche del Comune.<\/strong><\/p>\n\n\n\n<p>Per farla molto breve, mi viene risposto che l&#8217;ASTER \u00e8 stata incaricata di provvedere nel corso della settimana dal 17 al 20 di Settembre ad ovviare al problema di sporcizia degli obiettivi delle webcam.<\/p>\n\n\n\n<figure class=\"wp-block-image\"><img loading=\"lazy\" decoding=\"async\" width=\"1024\" height=\"768\" src=\"http:\/\/www.stefanome.it\/blog\/wp-content\/uploads\/2019\/09\/current-1-1024x768.jpg\" alt=\"\" class=\"wp-image-17339\" srcset=\"http:\/\/www.stefanome.it\/blog\/wp-content\/uploads\/2019\/09\/current-1.jpg 1024w, http:\/\/www.stefanome.it\/blog\/wp-content\/uploads\/2019\/09\/current-1-300x225.jpg 300w, http:\/\/www.stefanome.it\/blog\/wp-content\/uploads\/2019\/09\/current-1-768x576.jpg 768w\" sizes=\"auto, (max-width: 1024px) 100vw, 1024px\" \/><figcaption>Deferrari con la nebbia ?<\/figcaption><\/figure>\n\n\n\n<p>E&#8217; stata una risposta molto veloce e gentile che francamente non mi aspettavo. OK sono prevenuto, forse invece le cose stanno diventando normali per una cittadina come Genova. Per\u00f2 l&#8217;ASTER mi mette paura. Ogni tanto li vedo all&#8217;opera nelle strade; sono adusi ad usare la pala, il catrame, martelli pneumatici, mazze anche con chiodi, picconi, esplosivi, acidi corrosivi e scorie radioattive, saranno idonei a pulire le delicate lenti di una webcam ? Gli addetti che raggiungerano le Mobotix avranno ricevuto istruzioni adeguate da parte di un dirigente ? Ossia lo sanno che non devono usare una paglietta di ferro con il CIF in polvere per pulire i copriobiettivi ? Lo sanno che questi ultimi sono di plastica e non devono essere svitati usando le pinze da idraulico ? Gli addetti incaricati immaginano che non devono attaccarsi alle webcam perch\u00e8 si possono rompere o spostare ? E se scoprono che debbono sporgersi in qualche modo, dovranno salire con la piattaforma e fermare il traffico, anche quello ferroviario ed aereo su Genova. Poi chiameranno quelli dell&#8217;edilizia acrobatica da Bolzano, verranno appesi ad un pallone sonda e dovranno pulire i copriobiettivi sputandoci sopra ed usando un chiodo da parete per svitare il coperchio. Speriamo bene.<\/p>\n","protected":false},"excerpt":{"rendered":"<p>All&#8217;alba ci sono pi\u00f9 o meno 12-14 gradi ed i prati sono bagnati di rugiada. Sembra di essere in autunno. Poi, verso le 3 del pomeriggio, si sfiorano i 30 gradi; secondo delle interessanti ed orientate teorie, \u00e8 tutto nella &hellip; <a href=\"http:\/\/www.stefanome.it\/blog\/?p=17334\">Continue reading <span class=\"meta-nav\">&rarr;<\/span><\/a><\/p>\n","protected":false},"author":1,"featured_media":0,"comment_status":"open","ping_status":"open","sticky":false,"template":"","format":"standard","meta":{"footnotes":""},"categories":[1],"tags":[],"class_list":["post-17334","post","type-post","status-publish","format-standard","hentry","category-apc"],"_links":{"self":[{"href":"http:\/\/www.stefanome.it\/blog\/index.php?rest_route=\/wp\/v2\/posts\/17334","targetHints":{"allow":["GET"]}}],"collection":[{"href":"http:\/\/www.stefanome.it\/blog\/index.php?rest_route=\/wp\/v2\/posts"}],"about":[{"href":"http:\/\/www.stefanome.it\/blog\/index.php?rest_route=\/wp\/v2\/types\/post"}],"author":[{"embeddable":true,"href":"http:\/\/www.stefanome.it\/blog\/index.php?rest_route=\/wp\/v2\/users\/1"}],"replies":[{"embeddable":true,"href":"http:\/\/www.stefanome.it\/blog\/index.php?rest_route=%2Fwp%2Fv2%2Fcomments&post=17334"}],"version-history":[{"count":3,"href":"http:\/\/www.stefanome.it\/blog\/index.php?rest_route=\/wp\/v2\/posts\/17334\/revisions"}],"predecessor-version":[{"id":17340,"href":"http:\/\/www.stefanome.it\/blog\/index.php?rest_route=\/wp\/v2\/posts\/17334\/revisions\/17340"}],"wp:attachment":[{"href":"http:\/\/www.stefanome.it\/blog\/index.php?rest_route=%2Fwp%2Fv2%2Fmedia&parent=17334"}],"wp:term":[{"taxonomy":"category","embeddable":true,"href":"http:\/\/www.stefanome.it\/blog\/index.php?rest_route=%2Fwp%2Fv2%2Fcategories&post=17334"},{"taxonomy":"post_tag","embeddable":true,"href":"http:\/\/www.stefanome.it\/blog\/index.php?rest_route=%2Fwp%2Fv2%2Ftags&post=17334"}],"curies":[{"name":"wp","href":"https:\/\/api.w.org\/{rel}","templated":true}]}}