{"id":17145,"date":"2019-07-16T21:59:34","date_gmt":"2019-07-16T20:59:34","guid":{"rendered":"http:\/\/www.stefanome.it\/blog\/?p=17145"},"modified":"2019-07-17T07:04:13","modified_gmt":"2019-07-17T06:04:13","slug":"le-carpe-e-la-luna","status":"publish","type":"post","link":"http:\/\/www.stefanome.it\/blog\/?p=17145","title":{"rendered":"Le Carpe e la Luna."},"content":{"rendered":"\n<p>Va bene, titolo del cazzo. D&#8217;altronde qualcosa devo pur scrivere in modo da trovare questo post se un giorno servisse a qualcosa. <\/p>\n\n\n\n<figure class=\"wp-block-image\"><img loading=\"lazy\" decoding=\"async\" width=\"640\" height=\"480\" src=\"http:\/\/www.stefanome.it\/blog\/wp-content\/uploads\/2019\/07\/P1050082.jpg\" alt=\"\" class=\"wp-image-17150\" srcset=\"http:\/\/www.stefanome.it\/blog\/wp-content\/uploads\/2019\/07\/P1050082.jpg 640w, http:\/\/www.stefanome.it\/blog\/wp-content\/uploads\/2019\/07\/P1050082-300x225.jpg 300w\" sizes=\"auto, (max-width: 640px) 100vw, 640px\" \/><\/figure>\n\n\n\n<p>Eclissi di Luna. Foto meno che mediocre ma almeno si capisce che potrebbe essere la Luna. In effetti \u00e8 una scena non frequente e varrebbe la pena dotarsi di un binocolo potente e poi passare qualche tempo all&#8217;aperto ad osservarla. Se non fosse che ci sono insetti molesti pronti ad assalirmi e mangiarmi vivo, una certa umidit\u00e0 latente che punta direttamente ai miei lombi ed alla cervicale,  non ho il binocolo ed infine non sono per me tempi molto romantici, vaffanculo dunque.<\/p>\n\n\n\n<figure class=\"wp-block-image\"><img loading=\"lazy\" decoding=\"async\" width=\"640\" height=\"480\" src=\"http:\/\/www.stefanome.it\/blog\/wp-content\/uploads\/2019\/07\/P1050079.jpg\" alt=\"\" class=\"wp-image-17149\" srcset=\"http:\/\/www.stefanome.it\/blog\/wp-content\/uploads\/2019\/07\/P1050079.jpg 640w, http:\/\/www.stefanome.it\/blog\/wp-content\/uploads\/2019\/07\/P1050079-300x225.jpg 300w\" sizes=\"auto, (max-width: 640px) 100vw, 640px\" \/><\/figure>\n\n\n\n<p>Questo \u00e8 il crop circle fatto in casa. Non ho ancora deciso se e cosa farne, alberi, cespugli, nulla. E&#8217; un&#8217;opera totalmente inutile, ma spero un giorno di trovare la sua dimensione artistica e funzionale e ricavarci qualche soddisfazione personale.<\/p>\n\n\n\n<figure class=\"wp-block-image\"><img loading=\"lazy\" decoding=\"async\" width=\"640\" height=\"480\" src=\"http:\/\/www.stefanome.it\/blog\/wp-content\/uploads\/2019\/07\/P1050076.jpg\" alt=\"\" class=\"wp-image-17148\" srcset=\"http:\/\/www.stefanome.it\/blog\/wp-content\/uploads\/2019\/07\/P1050076.jpg 640w, http:\/\/www.stefanome.it\/blog\/wp-content\/uploads\/2019\/07\/P1050076-300x225.jpg 300w\" sizes=\"auto, (max-width: 640px) 100vw, 640px\" \/><\/figure>\n\n\n\n<p>Alcune foglie di ninfea che spuntano dopo un calo repentino del livello dell&#8217;acqua dovuto alla caldazza di due settimane fa. Il pozzo da 1.400 litri al giorno ma evidentemente l&#8217;evaporazione \u00e8 maggiore. In teoria questo potrebbe diventare un lago salato, anzi una rara pozzanghera salata, forse la prima in Piemonte.<\/p>\n\n\n\n<figure class=\"wp-block-image\"><img loading=\"lazy\" decoding=\"async\" width=\"640\" height=\"480\" src=\"http:\/\/www.stefanome.it\/blog\/wp-content\/uploads\/2019\/07\/P1050075.jpg\" alt=\"\" class=\"wp-image-17147\" srcset=\"http:\/\/www.stefanome.it\/blog\/wp-content\/uploads\/2019\/07\/P1050075.jpg 640w, http:\/\/www.stefanome.it\/blog\/wp-content\/uploads\/2019\/07\/P1050075-300x225.jpg 300w\" sizes=\"auto, (max-width: 640px) 100vw, 640px\" \/><\/figure>\n\n\n\n<p>La Carpa bianca. Mi ha visto ma non \u00e8 scappata, forse perch\u00e8 i miei movimenti erano lenti o forse perch\u00e8 ci vede poco.  Ha un muso strano, sembra una via di mezzo tra un pesce e qualsiasi altra cosa. Mi ricorda la Multipla della Fiat, non so perch\u00e8.<\/p>\n\n\n\n<figure class=\"wp-block-image\"><img loading=\"lazy\" decoding=\"async\" width=\"640\" height=\"480\" src=\"http:\/\/www.stefanome.it\/blog\/wp-content\/uploads\/2019\/07\/P1050071.jpg\" alt=\"\" class=\"wp-image-17146\" srcset=\"http:\/\/www.stefanome.it\/blog\/wp-content\/uploads\/2019\/07\/P1050071.jpg 640w, http:\/\/www.stefanome.it\/blog\/wp-content\/uploads\/2019\/07\/P1050071-300x225.jpg 300w\" sizes=\"auto, (max-width: 640px) 100vw, 640px\" \/><\/figure>\n\n\n\n<p>Questa invece \u00e8 la Carpa bianca con muso e coda rossastra e punti neri. Meno male che lo chiarisco perch\u00e8 se il rincorglionimento aumenta, un giorno potrei confondermi.<\/p>\n\n\n\n<p><\/p>\n","protected":false},"excerpt":{"rendered":"<p>Va bene, titolo del cazzo. D&#8217;altronde qualcosa devo pur scrivere in modo da trovare questo post se un giorno servisse a qualcosa. Eclissi di Luna. Foto meno che mediocre ma almeno si capisce che potrebbe essere la Luna. In effetti &hellip; <a href=\"http:\/\/www.stefanome.it\/blog\/?p=17145\">Continue reading <span class=\"meta-nav\">&rarr;<\/span><\/a><\/p>\n","protected":false},"author":1,"featured_media":0,"comment_status":"open","ping_status":"open","sticky":false,"template":"","format":"standard","meta":{"footnotes":""},"categories":[1],"tags":[],"class_list":["post-17145","post","type-post","status-publish","format-standard","hentry","category-apc"],"_links":{"self":[{"href":"http:\/\/www.stefanome.it\/blog\/index.php?rest_route=\/wp\/v2\/posts\/17145","targetHints":{"allow":["GET"]}}],"collection":[{"href":"http:\/\/www.stefanome.it\/blog\/index.php?rest_route=\/wp\/v2\/posts"}],"about":[{"href":"http:\/\/www.stefanome.it\/blog\/index.php?rest_route=\/wp\/v2\/types\/post"}],"author":[{"embeddable":true,"href":"http:\/\/www.stefanome.it\/blog\/index.php?rest_route=\/wp\/v2\/users\/1"}],"replies":[{"embeddable":true,"href":"http:\/\/www.stefanome.it\/blog\/index.php?rest_route=%2Fwp%2Fv2%2Fcomments&post=17145"}],"version-history":[{"count":4,"href":"http:\/\/www.stefanome.it\/blog\/index.php?rest_route=\/wp\/v2\/posts\/17145\/revisions"}],"predecessor-version":[{"id":17154,"href":"http:\/\/www.stefanome.it\/blog\/index.php?rest_route=\/wp\/v2\/posts\/17145\/revisions\/17154"}],"wp:attachment":[{"href":"http:\/\/www.stefanome.it\/blog\/index.php?rest_route=%2Fwp%2Fv2%2Fmedia&parent=17145"}],"wp:term":[{"taxonomy":"category","embeddable":true,"href":"http:\/\/www.stefanome.it\/blog\/index.php?rest_route=%2Fwp%2Fv2%2Fcategories&post=17145"},{"taxonomy":"post_tag","embeddable":true,"href":"http:\/\/www.stefanome.it\/blog\/index.php?rest_route=%2Fwp%2Fv2%2Ftags&post=17145"}],"curies":[{"name":"wp","href":"https:\/\/api.w.org\/{rel}","templated":true}]}}