{"id":17133,"date":"2019-07-15T06:24:24","date_gmt":"2019-07-15T05:24:24","guid":{"rendered":"http:\/\/www.stefanome.it\/blog\/?p=17133"},"modified":"2019-07-15T10:22:09","modified_gmt":"2019-07-15T09:22:09","slug":"15-millimetri-forse-un-paio-di-piu","status":"publish","type":"post","link":"http:\/\/www.stefanome.it\/blog\/?p=17133","title":{"rendered":"15 millimetri, forse un paio di pi\u00f9."},"content":{"rendered":"\n<figure class=\"wp-block-image\"><a href=\"http:\/\/www.stefanome.it\/blog\/wp-content\/uploads\/2019\/07\/currentb3-1.jpg\" target=\"_blank\" rel=\"noreferrer noopener\"><img loading=\"lazy\" decoding=\"async\" width=\"1024\" height=\"768\" src=\"http:\/\/www.stefanome.it\/blog\/wp-content\/uploads\/2019\/07\/currentb3-1-1024x768.jpg\" alt=\"\" class=\"wp-image-17134\" srcset=\"http:\/\/www.stefanome.it\/blog\/wp-content\/uploads\/2019\/07\/currentb3-1.jpg 1024w, http:\/\/www.stefanome.it\/blog\/wp-content\/uploads\/2019\/07\/currentb3-1-300x225.jpg 300w, http:\/\/www.stefanome.it\/blog\/wp-content\/uploads\/2019\/07\/currentb3-1-768x576.jpg 768w\" sizes=\"auto, (max-width: 1024px) 100vw, 1024px\" \/><\/a><figcaption>Clicca<\/figcaption><\/figure>\n\n\n\n<p>Quindici litri per metro quadrato; tutti benvenuti nella arida, bassa alessandrina. Previsti ed annunciati. Ieri la temperatura \u00e8 scesa da +30\u00b0 a +19\u00b0 in tre ore.<\/p>\n\n\n\n<p><strong>Ed ora, il tormentone della portata del Nuovo Pozzo.<\/strong><\/p>\n\n\n\n<div class=\"wp-block-image\"><figure class=\"aligncenter\"><img loading=\"lazy\" decoding=\"async\" width=\"489\" height=\"298\" src=\"http:\/\/www.stefanome.it\/blog\/wp-content\/uploads\/2019\/07\/capture_20190715084212.jpg\" alt=\"\" class=\"wp-image-17136\" srcset=\"http:\/\/www.stefanome.it\/blog\/wp-content\/uploads\/2019\/07\/capture_20190715084212.jpg 489w, http:\/\/www.stefanome.it\/blog\/wp-content\/uploads\/2019\/07\/capture_20190715084212-300x183.jpg 300w\" sizes=\"auto, (max-width: 489px) 100vw, 489px\" \/><\/figure><\/div>\n\n\n\n<p>Si nota un decremento costante dalla met\u00e0 di Aprile ad oggi. Non sono sicuro di potermelo spiegare completamente. Se \u00e8 vero che altre utenze potrebbero aver aumentato i prelievi con l&#8217;arrivo del caldo estivo, perch\u00e8 il decremento della portata si \u00e8 avuto anche nei mesi di Aprile e Maggio, quast&#8217;ultimo specialmente piovoso ? <\/p>\n\n\n\n<p><strong>Aggiornamento pioggia: venti millimetri raggiunti e superati.<\/strong><\/p>\n\n\n\n<figure class=\"wp-block-image\"><a href=\"http:\/\/www.stefanome.it\/blog\/wp-content\/uploads\/2019\/07\/currentb3-2.jpg\" target=\"_blank\" rel=\"noreferrer noopener\"><img loading=\"lazy\" decoding=\"async\" width=\"1024\" height=\"768\" src=\"http:\/\/www.stefanome.it\/blog\/wp-content\/uploads\/2019\/07\/currentb3-2-1024x768.jpg\" alt=\"\" class=\"wp-image-17138\" srcset=\"http:\/\/www.stefanome.it\/blog\/wp-content\/uploads\/2019\/07\/currentb3-2.jpg 1024w, http:\/\/www.stefanome.it\/blog\/wp-content\/uploads\/2019\/07\/currentb3-2-300x225.jpg 300w, http:\/\/www.stefanome.it\/blog\/wp-content\/uploads\/2019\/07\/currentb3-2-768x576.jpg 768w\" sizes=\"auto, (max-width: 1024px) 100vw, 1024px\" \/><\/a><figcaption>Clicca<\/figcaption><\/figure>\n\n\n\n<p>Quand&#8217;ero bambino difficilmente la temperatura saliva sopra i trenta gradi durante i mesi estivi. Ma \u00e8 altrettanto vero che difficilmente la massima stava sotto i 20\u00b0. Una giornata di pioggia insistente come oggi non era semplicemente immaginabile da Giugno a Settembre compresi. E&#8217; la estremizzazione delle verticalit\u00e0 degli scambi meridiani e la conseguente ondulazione dalla Corrente A Getto ma, soprattutto, Sticazzi.<\/p>\n\n\n\n<div class=\"wp-block-image\"><figure class=\"aligncenter\"><img loading=\"lazy\" decoding=\"async\" width=\"655\" height=\"452\" src=\"http:\/\/www.stefanome.it\/blog\/wp-content\/uploads\/2019\/07\/capture_20190715112119.jpg\" alt=\"\" class=\"wp-image-17140\" srcset=\"http:\/\/www.stefanome.it\/blog\/wp-content\/uploads\/2019\/07\/capture_20190715112119.jpg 655w, http:\/\/www.stefanome.it\/blog\/wp-content\/uploads\/2019\/07\/capture_20190715112119-300x207.jpg 300w\" sizes=\"auto, (max-width: 655px) 100vw, 655px\" \/><\/figure><\/div>\n\n\n\n<p><\/p>\n","protected":false},"excerpt":{"rendered":"<p>Quindici litri per metro quadrato; tutti benvenuti nella arida, bassa alessandrina. Previsti ed annunciati. Ieri la temperatura \u00e8 scesa da +30\u00b0 a +19\u00b0 in tre ore. Ed ora, il tormentone della portata del Nuovo Pozzo. Si nota un decremento costante &hellip; <a href=\"http:\/\/www.stefanome.it\/blog\/?p=17133\">Continue reading <span class=\"meta-nav\">&rarr;<\/span><\/a><\/p>\n","protected":false},"author":1,"featured_media":0,"comment_status":"open","ping_status":"open","sticky":false,"template":"","format":"standard","meta":{"footnotes":""},"categories":[1],"tags":[],"class_list":["post-17133","post","type-post","status-publish","format-standard","hentry","category-apc"],"_links":{"self":[{"href":"http:\/\/www.stefanome.it\/blog\/index.php?rest_route=\/wp\/v2\/posts\/17133","targetHints":{"allow":["GET"]}}],"collection":[{"href":"http:\/\/www.stefanome.it\/blog\/index.php?rest_route=\/wp\/v2\/posts"}],"about":[{"href":"http:\/\/www.stefanome.it\/blog\/index.php?rest_route=\/wp\/v2\/types\/post"}],"author":[{"embeddable":true,"href":"http:\/\/www.stefanome.it\/blog\/index.php?rest_route=\/wp\/v2\/users\/1"}],"replies":[{"embeddable":true,"href":"http:\/\/www.stefanome.it\/blog\/index.php?rest_route=%2Fwp%2Fv2%2Fcomments&post=17133"}],"version-history":[{"count":4,"href":"http:\/\/www.stefanome.it\/blog\/index.php?rest_route=\/wp\/v2\/posts\/17133\/revisions"}],"predecessor-version":[{"id":17141,"href":"http:\/\/www.stefanome.it\/blog\/index.php?rest_route=\/wp\/v2\/posts\/17133\/revisions\/17141"}],"wp:attachment":[{"href":"http:\/\/www.stefanome.it\/blog\/index.php?rest_route=%2Fwp%2Fv2%2Fmedia&parent=17133"}],"wp:term":[{"taxonomy":"category","embeddable":true,"href":"http:\/\/www.stefanome.it\/blog\/index.php?rest_route=%2Fwp%2Fv2%2Fcategories&post=17133"},{"taxonomy":"post_tag","embeddable":true,"href":"http:\/\/www.stefanome.it\/blog\/index.php?rest_route=%2Fwp%2Fv2%2Ftags&post=17133"}],"curies":[{"name":"wp","href":"https:\/\/api.w.org\/{rel}","templated":true}]}}