{"id":17073,"date":"2019-06-30T15:28:27","date_gmt":"2019-06-30T14:28:27","guid":{"rendered":"http:\/\/www.stefanome.it\/blog\/?p=17073"},"modified":"2019-06-30T22:01:01","modified_gmt":"2019-06-30T21:01:01","slug":"11-anni-dopo","status":"publish","type":"post","link":"http:\/\/www.stefanome.it\/blog\/?p=17073","title":{"rendered":"11 anni dopo."},"content":{"rendered":"\n<p>Con 35 gradi esterni cazzeggio in casa, 26.5, ed ecco che faccio un collage di due foto, stessa inquadratura, a distanza di 11 anni. La foto a sinistra \u00e8 del 2007, quella a destra di pochi minuti fa.<\/p>\n\n\n\n<p>Questo giochetto potrebbe diventare consistente, anzi potrebbe assumere una forma patologica severa.<\/p>\n\n\n\n<figure class=\"wp-block-image\"><a href=\"http:\/\/www.stefanome.it\/blog\/wp-content\/uploads\/2019\/06\/P1000612-horz.jpg\" target=\"_blank\" rel=\"noreferrer noopener\"><img loading=\"lazy\" decoding=\"async\" width=\"1000\" height=\"375\" src=\"http:\/\/www.stefanome.it\/blog\/wp-content\/uploads\/2019\/06\/P1000612-horz.jpg\" alt=\"\" class=\"wp-image-17074\" srcset=\"http:\/\/www.stefanome.it\/blog\/wp-content\/uploads\/2019\/06\/P1000612-horz.jpg 1000w, http:\/\/www.stefanome.it\/blog\/wp-content\/uploads\/2019\/06\/P1000612-horz-300x113.jpg 300w, http:\/\/www.stefanome.it\/blog\/wp-content\/uploads\/2019\/06\/P1000612-horz-768x288.jpg 768w\" sizes=\"auto, (max-width: 1000px) 100vw, 1000px\" \/><\/a><figcaption>Clicca<\/figcaption><\/figure>\n\n\n\n<p>Nel 2007 la casa era chiusa verso sud da una boscaglia impenetrabile fatta di alberelli, cespugli e rovi. la consistenza del verde \u00e8 cambiata sostanzialmente. Oggi \u00e8 pulito a terra, molti olmi sono morti, \u00e8 morto anche un grosso gelso che si vedeva sulla destra, ci sono per\u00f2 nuovi alberi cresciuti spontaneamente (alberi del paradiso) ed altri messi a dimora. Inizialmente io avrei voluto mantenere la boscaglia intatta, ma alla fine ha prevalso il mio bisogno interiore di mettere ordine e disciplina nel mondo e dunque ho modificato l&#8217;ambiente a mio piacimento. Idealmente ho fatto male, ma com&#8217;era prima era davvero un caos ma sopratttutto, l&#8217;aver diradato le piante ha favorito le restanti di crescere molto pi\u00f9 vigorosamente. Credo.<\/p>\n\n\n\n<figure class=\"wp-block-image\"><a href=\"http:\/\/www.stefanome.it\/blog\/wp-content\/uploads\/2019\/06\/P1010215-horz.jpg\" target=\"_blank\" rel=\"noreferrer noopener\"><img loading=\"lazy\" decoding=\"async\" width=\"1000\" height=\"375\" src=\"http:\/\/www.stefanome.it\/blog\/wp-content\/uploads\/2019\/06\/P1010215-horz.jpg\" alt=\"\" class=\"wp-image-17075\" srcset=\"http:\/\/www.stefanome.it\/blog\/wp-content\/uploads\/2019\/06\/P1010215-horz.jpg 1000w, http:\/\/www.stefanome.it\/blog\/wp-content\/uploads\/2019\/06\/P1010215-horz-300x113.jpg 300w, http:\/\/www.stefanome.it\/blog\/wp-content\/uploads\/2019\/06\/P1010215-horz-768x288.jpg 768w\" sizes=\"auto, (max-width: 1000px) 100vw, 1000px\" \/><\/a><figcaption>Clicca<\/figcaption><\/figure>\n\n\n\n<p>Il gelso non c&#8217;\u00e8 pi\u00f9, al suo posto un tiglio, poi tutto il resto.<\/p>\n\n\n\n<figure class=\"wp-block-image\"><a href=\"http:\/\/www.stefanome.it\/blog\/wp-content\/uploads\/2019\/06\/P1010728-horz.jpg\" target=\"_blank\" rel=\"noreferrer noopener\"><img loading=\"lazy\" decoding=\"async\" width=\"1000\" height=\"375\" src=\"http:\/\/www.stefanome.it\/blog\/wp-content\/uploads\/2019\/06\/P1010728-horz.jpg\" alt=\"\" class=\"wp-image-17076\" srcset=\"http:\/\/www.stefanome.it\/blog\/wp-content\/uploads\/2019\/06\/P1010728-horz.jpg 1000w, http:\/\/www.stefanome.it\/blog\/wp-content\/uploads\/2019\/06\/P1010728-horz-300x113.jpg 300w, http:\/\/www.stefanome.it\/blog\/wp-content\/uploads\/2019\/06\/P1010728-horz-768x288.jpg 768w\" sizes=\"auto, (max-width: 1000px) 100vw, 1000px\" \/><\/a><figcaption>Clicca<\/figcaption><\/figure>\n\n\n\n<p>I tre Liquidambar che si intravvedono nel centro sono morti, sulla sinistra un giovane carpino, oggi \u00e8 una bella pianta.<\/p>\n\n\n\n<figure class=\"wp-block-image\"><a href=\"http:\/\/www.stefanome.it\/blog\/wp-content\/uploads\/2019\/06\/P1010219-horz.jpg\" target=\"_blank\" rel=\"noreferrer noopener\"><img loading=\"lazy\" decoding=\"async\" width=\"1000\" height=\"375\" src=\"http:\/\/www.stefanome.it\/blog\/wp-content\/uploads\/2019\/06\/P1010219-horz.jpg\" alt=\"\" class=\"wp-image-17077\" srcset=\"http:\/\/www.stefanome.it\/blog\/wp-content\/uploads\/2019\/06\/P1010219-horz.jpg 1000w, http:\/\/www.stefanome.it\/blog\/wp-content\/uploads\/2019\/06\/P1010219-horz-300x113.jpg 300w, http:\/\/www.stefanome.it\/blog\/wp-content\/uploads\/2019\/06\/P1010219-horz-768x288.jpg 768w\" sizes=\"auto, (max-width: 1000px) 100vw, 1000px\" \/><\/a><figcaption>Clicca<\/figcaption><\/figure>\n\n\n\n<p>Qualcuno mi disse che gli alberi, i tigli in particolare, erano troppo vicini alla casa. Se tornassi indietro, li metterei ancora pi\u00f9 vicini. Certo, se la casa \u00e8 costruita coi piedi, una radice o un ramo possono provocare danni enormi, ma il clima \u00e8 sempre pi\u00f9 caldo e l&#8217;ombra \u00e8 un bene prezioso. <\/p>\n\n\n\n<figure class=\"wp-block-image\"><a href=\"http:\/\/www.stefanome.it\/blog\/wp-content\/uploads\/2019\/06\/P1010730-horz.jpg\" target=\"_blank\" rel=\"noreferrer noopener\"><img loading=\"lazy\" decoding=\"async\" width=\"1000\" height=\"375\" src=\"http:\/\/www.stefanome.it\/blog\/wp-content\/uploads\/2019\/06\/P1010730-horz.jpg\" alt=\"\" class=\"wp-image-17079\" srcset=\"http:\/\/www.stefanome.it\/blog\/wp-content\/uploads\/2019\/06\/P1010730-horz.jpg 1000w, http:\/\/www.stefanome.it\/blog\/wp-content\/uploads\/2019\/06\/P1010730-horz-300x113.jpg 300w, http:\/\/www.stefanome.it\/blog\/wp-content\/uploads\/2019\/06\/P1010730-horz-768x288.jpg 768w\" sizes=\"auto, (max-width: 1000px) 100vw, 1000px\" \/><\/a><figcaption>Clicca<\/figcaption><\/figure>\n\n\n\n<p>Quella odierna a destra sembra pi\u00f9 triste perch\u00e8 il prato sta assumendo i connotati estivi, la foto del 2007 (o 2008) \u00e8 in primavera. Delle piante messe a dimora, alcune sono seccate, altre aggiunte, per\u00f2 pi\u00f9 o meno ci siamo come numero totale.<\/p>\n\n\n\n<figure class=\"wp-block-image\"><a href=\"http:\/\/www.stefanome.it\/blog\/wp-content\/uploads\/2019\/06\/basa32015-04-18_-horz.jpg\" target=\"_blank\" rel=\"noreferrer noopener\"><img loading=\"lazy\" decoding=\"async\" width=\"1000\" height=\"375\" src=\"http:\/\/www.stefanome.it\/blog\/wp-content\/uploads\/2019\/06\/basa32015-04-18_-horz.jpg\" alt=\"\" class=\"wp-image-17080\" srcset=\"http:\/\/www.stefanome.it\/blog\/wp-content\/uploads\/2019\/06\/basa32015-04-18_-horz.jpg 1000w, http:\/\/www.stefanome.it\/blog\/wp-content\/uploads\/2019\/06\/basa32015-04-18_-horz-300x113.jpg 300w, http:\/\/www.stefanome.it\/blog\/wp-content\/uploads\/2019\/06\/basa32015-04-18_-horz-768x288.jpg 768w\" sizes=\"auto, (max-width: 1000px) 100vw, 1000px\" \/><\/a><figcaption>Clicca<\/figcaption><\/figure>\n\n\n\n<p>Poteva mancare ? No. La foto a sinistra \u00e8 del 2015, 30 giugno. Quella a destra \u00e8 del 30 giugno 2019. Pur non avendo dati sottomano, direi che il Giugno 2015 era stato pi\u00f9 fresco e piovoso dell&#8217;attuale, a giudicare dal verde.<\/p>\n\n\n\n<p>Seguiranno ulteriori informazioni.<\/p>\n","protected":false},"excerpt":{"rendered":"<p>Con 35 gradi esterni cazzeggio in casa, 26.5, ed ecco che faccio un collage di due foto, stessa inquadratura, a distanza di 11 anni. La foto a sinistra \u00e8 del 2007, quella a destra di pochi minuti fa. Questo giochetto &hellip; <a href=\"http:\/\/www.stefanome.it\/blog\/?p=17073\">Continue reading <span class=\"meta-nav\">&rarr;<\/span><\/a><\/p>\n","protected":false},"author":1,"featured_media":0,"comment_status":"open","ping_status":"open","sticky":false,"template":"","format":"standard","meta":{"footnotes":""},"categories":[1],"tags":[],"class_list":["post-17073","post","type-post","status-publish","format-standard","hentry","category-apc"],"_links":{"self":[{"href":"http:\/\/www.stefanome.it\/blog\/index.php?rest_route=\/wp\/v2\/posts\/17073","targetHints":{"allow":["GET"]}}],"collection":[{"href":"http:\/\/www.stefanome.it\/blog\/index.php?rest_route=\/wp\/v2\/posts"}],"about":[{"href":"http:\/\/www.stefanome.it\/blog\/index.php?rest_route=\/wp\/v2\/types\/post"}],"author":[{"embeddable":true,"href":"http:\/\/www.stefanome.it\/blog\/index.php?rest_route=\/wp\/v2\/users\/1"}],"replies":[{"embeddable":true,"href":"http:\/\/www.stefanome.it\/blog\/index.php?rest_route=%2Fwp%2Fv2%2Fcomments&post=17073"}],"version-history":[{"count":5,"href":"http:\/\/www.stefanome.it\/blog\/index.php?rest_route=\/wp\/v2\/posts\/17073\/revisions"}],"predecessor-version":[{"id":17084,"href":"http:\/\/www.stefanome.it\/blog\/index.php?rest_route=\/wp\/v2\/posts\/17073\/revisions\/17084"}],"wp:attachment":[{"href":"http:\/\/www.stefanome.it\/blog\/index.php?rest_route=%2Fwp%2Fv2%2Fmedia&parent=17073"}],"wp:term":[{"taxonomy":"category","embeddable":true,"href":"http:\/\/www.stefanome.it\/blog\/index.php?rest_route=%2Fwp%2Fv2%2Fcategories&post=17073"},{"taxonomy":"post_tag","embeddable":true,"href":"http:\/\/www.stefanome.it\/blog\/index.php?rest_route=%2Fwp%2Fv2%2Ftags&post=17073"}],"curies":[{"name":"wp","href":"https:\/\/api.w.org\/{rel}","templated":true}]}}