{"id":17069,"date":"2019-06-30T07:07:02","date_gmt":"2019-06-30T06:07:02","guid":{"rendered":"http:\/\/www.stefanome.it\/blog\/?p=17069"},"modified":"2019-06-30T07:07:02","modified_gmt":"2019-06-30T06:07:02","slug":"la-solita-alba","status":"publish","type":"post","link":"http:\/\/www.stefanome.it\/blog\/?p=17069","title":{"rendered":"La solita Alba."},"content":{"rendered":"\n<figure class=\"wp-block-image\"><img loading=\"lazy\" decoding=\"async\" width=\"640\" height=\"480\" src=\"http:\/\/www.stefanome.it\/blog\/wp-content\/uploads\/2019\/06\/P1050048.jpg\" alt=\"\" class=\"wp-image-17070\" srcset=\"http:\/\/www.stefanome.it\/blog\/wp-content\/uploads\/2019\/06\/P1050048.jpg 640w, http:\/\/www.stefanome.it\/blog\/wp-content\/uploads\/2019\/06\/P1050048-300x225.jpg 300w\" sizes=\"auto, (max-width: 640px) 100vw, 640px\" \/><\/figure>\n\n\n\n<p>Se andassi a  cercare, troverei un foto identica dell&#8217;anno scorso, forse una per gli ultimi 5 anni, ma meno male che non vado a cercare. Minima di 23.5 gradi questa notte. Oggi arriveremo a sfiorare i 40. Estate con aggiunta di un quantum africano grazie alle ondulazioni meridiane sempre pi\u00f9 profonde, durature ed intense. Almeno cos\u00ec dicono. Comunque anche questa mattina c&#8217;\u00e8 rugiada al suolo e questo a me piace perch\u00e8 sostengo che fa bene all&#8217;erba e di conseguenza il seccume estivo \u00e8 ritardato.<\/p>\n\n\n\n<div class=\"wp-block-image\"><figure class=\"aligncenter\"><img loading=\"lazy\" decoding=\"async\" width=\"450\" height=\"600\" src=\"http:\/\/www.stefanome.it\/blog\/wp-content\/uploads\/2019\/06\/P1050050.jpg\" alt=\"\" class=\"wp-image-17071\" srcset=\"http:\/\/www.stefanome.it\/blog\/wp-content\/uploads\/2019\/06\/P1050050.jpg 450w, http:\/\/www.stefanome.it\/blog\/wp-content\/uploads\/2019\/06\/P1050050-225x300.jpg 225w\" sizes=\"auto, (max-width: 450px) 100vw, 450px\" \/><figcaption>Questa \u00e8 la Q1.<\/figcaption><\/figure><\/div>\n\n\n\n<p>la Q1 fa storia a se. E cresciuta 5 volte di pi\u00f9 rispetto alle altre 4 che avevano germogliato. Nata nella primavera del 2015, ha 4 anni. Ho anche dovuto capitozzarla a titolo precauzionale. Sticazzi ?<\/p>\n","protected":false},"excerpt":{"rendered":"<p>Se andassi a cercare, troverei un foto identica dell&#8217;anno scorso, forse una per gli ultimi 5 anni, ma meno male che non vado a cercare. Minima di 23.5 gradi questa notte. Oggi arriveremo a sfiorare i 40. Estate con aggiunta &hellip; <a href=\"http:\/\/www.stefanome.it\/blog\/?p=17069\">Continue reading <span class=\"meta-nav\">&rarr;<\/span><\/a><\/p>\n","protected":false},"author":1,"featured_media":0,"comment_status":"open","ping_status":"open","sticky":false,"template":"","format":"standard","meta":{"footnotes":""},"categories":[1],"tags":[],"class_list":["post-17069","post","type-post","status-publish","format-standard","hentry","category-apc"],"_links":{"self":[{"href":"http:\/\/www.stefanome.it\/blog\/index.php?rest_route=\/wp\/v2\/posts\/17069","targetHints":{"allow":["GET"]}}],"collection":[{"href":"http:\/\/www.stefanome.it\/blog\/index.php?rest_route=\/wp\/v2\/posts"}],"about":[{"href":"http:\/\/www.stefanome.it\/blog\/index.php?rest_route=\/wp\/v2\/types\/post"}],"author":[{"embeddable":true,"href":"http:\/\/www.stefanome.it\/blog\/index.php?rest_route=\/wp\/v2\/users\/1"}],"replies":[{"embeddable":true,"href":"http:\/\/www.stefanome.it\/blog\/index.php?rest_route=%2Fwp%2Fv2%2Fcomments&post=17069"}],"version-history":[{"count":1,"href":"http:\/\/www.stefanome.it\/blog\/index.php?rest_route=\/wp\/v2\/posts\/17069\/revisions"}],"predecessor-version":[{"id":17072,"href":"http:\/\/www.stefanome.it\/blog\/index.php?rest_route=\/wp\/v2\/posts\/17069\/revisions\/17072"}],"wp:attachment":[{"href":"http:\/\/www.stefanome.it\/blog\/index.php?rest_route=%2Fwp%2Fv2%2Fmedia&parent=17069"}],"wp:term":[{"taxonomy":"category","embeddable":true,"href":"http:\/\/www.stefanome.it\/blog\/index.php?rest_route=%2Fwp%2Fv2%2Fcategories&post=17069"},{"taxonomy":"post_tag","embeddable":true,"href":"http:\/\/www.stefanome.it\/blog\/index.php?rest_route=%2Fwp%2Fv2%2Ftags&post=17069"}],"curies":[{"name":"wp","href":"https:\/\/api.w.org\/{rel}","templated":true}]}}