{"id":17046,"date":"2019-06-19T21:21:58","date_gmt":"2019-06-19T20:21:58","guid":{"rendered":"http:\/\/www.stefanome.it\/blog\/?p=17046"},"modified":"2019-06-19T21:21:58","modified_gmt":"2019-06-19T20:21:58","slug":"il-cerchio-prende-forma","status":"publish","type":"post","link":"http:\/\/www.stefanome.it\/blog\/?p=17046","title":{"rendered":"Il Cerchio prende forma."},"content":{"rendered":"\n<figure class=\"wp-block-image\"><img loading=\"lazy\" decoding=\"async\" width=\"640\" height=\"480\" src=\"http:\/\/www.stefanome.it\/blog\/wp-content\/uploads\/2019\/06\/IMG_20190619_171022.jpg\" alt=\"\" class=\"wp-image-17047\" srcset=\"http:\/\/www.stefanome.it\/blog\/wp-content\/uploads\/2019\/06\/IMG_20190619_171022.jpg 640w, http:\/\/www.stefanome.it\/blog\/wp-content\/uploads\/2019\/06\/IMG_20190619_171022-300x225.jpg 300w\" sizes=\"auto, (max-width: 640px) 100vw, 640px\" \/><\/figure>\n\n\n\n<p>La forma di un cerchio, appunto. Il mio contributo fisico a questa grandiosa iniziativa si \u00e8 limitato a portare il legno nel punto dove le Truppe Rumene hanno fatto il 99% del lavoro. Un tentativo di mettere ordine tra le acacie \u00e8 risultato in un grosso livido sull&#8217;avambraccio ed un piccolo taglietto sulla fronte. Ed un furioso mal di testa perch\u00e8 quando faccio attivit\u00e0 fisica sotto il sole mi disidrato.<\/p>\n\n\n\n<figure class=\"wp-block-image\"><a href=\"http:\/\/www.stefanome.it\/blog\/wp-content\/uploads\/2019\/06\/currentb3-2.jpg\" target=\"_blank\" rel=\"noreferrer noopener\"><img loading=\"lazy\" decoding=\"async\" width=\"1024\" height=\"768\" src=\"http:\/\/www.stefanome.it\/blog\/wp-content\/uploads\/2019\/06\/currentb3-2-1024x768.jpg\" alt=\"\" class=\"wp-image-17048\" srcset=\"http:\/\/www.stefanome.it\/blog\/wp-content\/uploads\/2019\/06\/currentb3-2.jpg 1024w, http:\/\/www.stefanome.it\/blog\/wp-content\/uploads\/2019\/06\/currentb3-2-300x225.jpg 300w, http:\/\/www.stefanome.it\/blog\/wp-content\/uploads\/2019\/06\/currentb3-2-768x576.jpg 768w\" sizes=\"auto, (max-width: 1024px) 100vw, 1024px\" \/><\/a><figcaption>Clicca<\/figcaption><\/figure>\n\n\n\n<p>Tra pochi giorni il Cerchio sar\u00e0 completato. Poi devo metterci della roba dentro. Erba, fiori di campo e forse una semina intensiva di alberi. Probabilmente querce ma vorrei provare un misto con acacie, che se germogliano diventano elemento stabile del paesaggio perch\u00e8 sono inestirpabili. Dunqe l&#8217;erba non viene pi\u00f9 tagliata cos\u00ec i giovani alberelli possono crescere i propri primi centimetri indisturbati. Questa e solo una bozza di idea, devo ancora dedicare del tempo per vedere delle alternative.<\/p>\n","protected":false},"excerpt":{"rendered":"<p>La forma di un cerchio, appunto. Il mio contributo fisico a questa grandiosa iniziativa si \u00e8 limitato a portare il legno nel punto dove le Truppe Rumene hanno fatto il 99% del lavoro. Un tentativo di mettere ordine tra le &hellip; <a href=\"http:\/\/www.stefanome.it\/blog\/?p=17046\">Continue reading <span class=\"meta-nav\">&rarr;<\/span><\/a><\/p>\n","protected":false},"author":1,"featured_media":0,"comment_status":"open","ping_status":"open","sticky":false,"template":"","format":"standard","meta":{"footnotes":""},"categories":[1],"tags":[],"class_list":["post-17046","post","type-post","status-publish","format-standard","hentry","category-apc"],"_links":{"self":[{"href":"http:\/\/www.stefanome.it\/blog\/index.php?rest_route=\/wp\/v2\/posts\/17046","targetHints":{"allow":["GET"]}}],"collection":[{"href":"http:\/\/www.stefanome.it\/blog\/index.php?rest_route=\/wp\/v2\/posts"}],"about":[{"href":"http:\/\/www.stefanome.it\/blog\/index.php?rest_route=\/wp\/v2\/types\/post"}],"author":[{"embeddable":true,"href":"http:\/\/www.stefanome.it\/blog\/index.php?rest_route=\/wp\/v2\/users\/1"}],"replies":[{"embeddable":true,"href":"http:\/\/www.stefanome.it\/blog\/index.php?rest_route=%2Fwp%2Fv2%2Fcomments&post=17046"}],"version-history":[{"count":1,"href":"http:\/\/www.stefanome.it\/blog\/index.php?rest_route=\/wp\/v2\/posts\/17046\/revisions"}],"predecessor-version":[{"id":17049,"href":"http:\/\/www.stefanome.it\/blog\/index.php?rest_route=\/wp\/v2\/posts\/17046\/revisions\/17049"}],"wp:attachment":[{"href":"http:\/\/www.stefanome.it\/blog\/index.php?rest_route=%2Fwp%2Fv2%2Fmedia&parent=17046"}],"wp:term":[{"taxonomy":"category","embeddable":true,"href":"http:\/\/www.stefanome.it\/blog\/index.php?rest_route=%2Fwp%2Fv2%2Fcategories&post=17046"},{"taxonomy":"post_tag","embeddable":true,"href":"http:\/\/www.stefanome.it\/blog\/index.php?rest_route=%2Fwp%2Fv2%2Ftags&post=17046"}],"curies":[{"name":"wp","href":"https:\/\/api.w.org\/{rel}","templated":true}]}}