{"id":17015,"date":"2019-06-17T19:28:47","date_gmt":"2019-06-17T18:28:47","guid":{"rendered":"http:\/\/www.stefanome.it\/blog\/?p=17015"},"modified":"2019-06-18T07:28:13","modified_gmt":"2019-06-18T06:28:13","slug":"medie-pozzo","status":"publish","type":"post","link":"http:\/\/www.stefanome.it\/blog\/?p=17015","title":{"rendered":"Medie pozzo."},"content":{"rendered":"\n<p>Un argomento davvero entusiasmante che mette a nudo la mia fallacit\u00e0 aritmetica. <\/p>\n\n\n\n<figure class=\"wp-block-image\"><img loading=\"lazy\" decoding=\"async\" width=\"572\" height=\"574\" src=\"http:\/\/www.stefanome.it\/blog\/wp-content\/uploads\/2019\/06\/medie.jpg\" alt=\"\" class=\"wp-image-17016\" srcset=\"http:\/\/www.stefanome.it\/blog\/wp-content\/uploads\/2019\/06\/medie.jpg 572w, http:\/\/www.stefanome.it\/blog\/wp-content\/uploads\/2019\/06\/medie-150x150.jpg 150w, http:\/\/www.stefanome.it\/blog\/wp-content\/uploads\/2019\/06\/medie-300x300.jpg 300w\" sizes=\"auto, (max-width: 572px) 100vw, 572px\" \/><\/figure>\n\n\n\n<div class=\"wp-block-stevehenty-drop-shadow-box dropshadowboxes-container\" style=\"width:auto\"><div class=\"dropshadowboxes-drop-shadow dropshadowboxes-lifted-both dropshadowboxes-rounded-corners dropshadowboxes-inside-and-outside-shadow\" style=\"background-color:#FFFFFF;border-style:solid;border-width:2px;border-color:#DDDDDD;width:;padding:10px\"><div>\n<p>C&#8217;\u00e8 una sostanziosa ed eccitante novit\u00e0 nella tabella. I numeri in grassetto con un sottofondo vagamente urinoso sono le misurazioni effettive. Gli altri sono ricavati dividendo l&#8217;acqua estratta per il numero dei giorni. Insomma, la media del cazzo del famoso pollo che non sto a ripetere. Il 15 ed il 16 giugno sono saltati fuori valori davvero strani, non escluso che sia io a sbagliare quando leggo il contatore. Si, ho il dubbio se la cifra ultima quando si trova a met\u00e0 \u00e8 pi\u00f9 verso il valore maggiore o minore. Mi sono spiegato benissimo.<\/p>\n<\/div><\/div><\/div>\n\n\n\n<figure class=\"wp-block-image\"><img loading=\"lazy\" decoding=\"async\" width=\"640\" height=\"480\" src=\"http:\/\/www.stefanome.it\/blog\/wp-content\/uploads\/2019\/06\/conta.jpg\" alt=\"\" class=\"wp-image-17018\" srcset=\"http:\/\/www.stefanome.it\/blog\/wp-content\/uploads\/2019\/06\/conta.jpg 640w, http:\/\/www.stefanome.it\/blog\/wp-content\/uploads\/2019\/06\/conta-300x225.jpg 300w\" sizes=\"auto, (max-width: 640px) 100vw, 640px\" \/><\/figure>\n\n\n\n<p>142004,6 o qualcosa del genere. L&#8217;ultima cifra dei metri cubi \u00e8 quasi a met\u00e0 e non si capisce se le cifre successive indicate dalle frecce rotanti sono riferite alla nuova numerazione o fanno parte della cifra che sta per scomparire. Mi rendo conto che il linguaggio \u00e8 estremamente tecnico.<\/p>\n\n\n\n<figure class=\"wp-block-image\"><img loading=\"lazy\" decoding=\"async\" width=\"477\" height=\"286\" src=\"http:\/\/www.stefanome.it\/blog\/wp-content\/uploads\/2019\/06\/bah.jpg\" alt=\"\" class=\"wp-image-17024\" srcset=\"http:\/\/www.stefanome.it\/blog\/wp-content\/uploads\/2019\/06\/bah.jpg 477w, http:\/\/www.stefanome.it\/blog\/wp-content\/uploads\/2019\/06\/bah-300x180.jpg 300w\" sizes=\"auto, (max-width: 477px) 100vw, 477px\" \/><\/figure>\n\n\n\n<p>Questo illuminante grafico mostra l&#8217;accumulo totale con il trascorrere del tempo. Se ci fosse un decremento della portata giornaliera stabile si vedrebbe perch\u00e8 la linea iniziarebbe a curvarsi (verso il basso). Invece la linea \u00e8 <strong>abbastanza retta<\/strong>, segno che la portata \u00e8 pi\u00f9 o meno costante. Mi sono inventato la spiegazione, ma secondo me il ragionamento fila come un treno.<\/p>\n\n\n\n<p><strong>E per concludere<\/strong>.<\/p>\n\n\n\n<figure class=\"wp-block-image\"><img loading=\"lazy\" decoding=\"async\" width=\"768\" height=\"512\" src=\"http:\/\/www.stefanome.it\/blog\/wp-content\/uploads\/2019\/06\/gfs-0-192.png\" alt=\"\" class=\"wp-image-17020\" srcset=\"http:\/\/www.stefanome.it\/blog\/wp-content\/uploads\/2019\/06\/gfs-0-192.png 768w, http:\/\/www.stefanome.it\/blog\/wp-content\/uploads\/2019\/06\/gfs-0-192-300x200.png 300w\" sizes=\"auto, (max-width: 768px) 100vw, 768px\" \/><\/figure>\n\n\n\n<p>192 ore \u00e8 fantascienza, tuttavia in questa stagione (di merda) le ondate di caldo sono pi\u00f9 facili da prevedere nel lungo periodo perch\u00e8 \u00e8 estate ed a prevedere il caldo in estate sono capaci anche i criceti nella ruota.<\/p>\n","protected":false},"excerpt":{"rendered":"<p>Un argomento davvero entusiasmante che mette a nudo la mia fallacit\u00e0 aritmetica. 142004,6 o qualcosa del genere. L&#8217;ultima cifra dei metri cubi \u00e8 quasi a met\u00e0 e non si capisce se le cifre successive indicate dalle frecce rotanti sono riferite &hellip; <a href=\"http:\/\/www.stefanome.it\/blog\/?p=17015\">Continue reading <span class=\"meta-nav\">&rarr;<\/span><\/a><\/p>\n","protected":false},"author":1,"featured_media":0,"comment_status":"open","ping_status":"open","sticky":false,"template":"","format":"standard","meta":{"footnotes":""},"categories":[1],"tags":[],"class_list":["post-17015","post","type-post","status-publish","format-standard","hentry","category-apc"],"_links":{"self":[{"href":"http:\/\/www.stefanome.it\/blog\/index.php?rest_route=\/wp\/v2\/posts\/17015","targetHints":{"allow":["GET"]}}],"collection":[{"href":"http:\/\/www.stefanome.it\/blog\/index.php?rest_route=\/wp\/v2\/posts"}],"about":[{"href":"http:\/\/www.stefanome.it\/blog\/index.php?rest_route=\/wp\/v2\/types\/post"}],"author":[{"embeddable":true,"href":"http:\/\/www.stefanome.it\/blog\/index.php?rest_route=\/wp\/v2\/users\/1"}],"replies":[{"embeddable":true,"href":"http:\/\/www.stefanome.it\/blog\/index.php?rest_route=%2Fwp%2Fv2%2Fcomments&post=17015"}],"version-history":[{"count":6,"href":"http:\/\/www.stefanome.it\/blog\/index.php?rest_route=\/wp\/v2\/posts\/17015\/revisions"}],"predecessor-version":[{"id":17026,"href":"http:\/\/www.stefanome.it\/blog\/index.php?rest_route=\/wp\/v2\/posts\/17015\/revisions\/17026"}],"wp:attachment":[{"href":"http:\/\/www.stefanome.it\/blog\/index.php?rest_route=%2Fwp%2Fv2%2Fmedia&parent=17015"}],"wp:term":[{"taxonomy":"category","embeddable":true,"href":"http:\/\/www.stefanome.it\/blog\/index.php?rest_route=%2Fwp%2Fv2%2Fcategories&post=17015"},{"taxonomy":"post_tag","embeddable":true,"href":"http:\/\/www.stefanome.it\/blog\/index.php?rest_route=%2Fwp%2Fv2%2Ftags&post=17015"}],"curies":[{"name":"wp","href":"https:\/\/api.w.org\/{rel}","templated":true}]}}