{"id":16854,"date":"2019-05-23T16:05:25","date_gmt":"2019-05-23T15:05:25","guid":{"rendered":"http:\/\/www.stefanome.it\/blog\/?p=16854"},"modified":"2019-05-23T16:05:25","modified_gmt":"2019-05-23T15:05:25","slug":"le-tre-piccole","status":"publish","type":"post","link":"http:\/\/www.stefanome.it\/blog\/?p=16854","title":{"rendered":"Le tre piccole."},"content":{"rendered":"\n<p>Visita lampo a Basaluzzo e foto delle tre nane californiane.<\/p>\n\n\n\n<figure class=\"wp-block-image\"><img loading=\"lazy\" decoding=\"async\" width=\"640\" height=\"427\" src=\"http:\/\/www.stefanome.it\/blog\/wp-content\/uploads\/2019\/05\/IMG_20190522_100942.jpg\" alt=\"\" class=\"wp-image-16855\" srcset=\"http:\/\/www.stefanome.it\/blog\/wp-content\/uploads\/2019\/05\/IMG_20190522_100942.jpg 640w, http:\/\/www.stefanome.it\/blog\/wp-content\/uploads\/2019\/05\/IMG_20190522_100942-300x200.jpg 300w\" sizes=\"auto, (max-width: 640px) 100vw, 640px\" \/><figcaption>Sequoia Sempervirens, Coast Redwood, Sequoia Costiera.<\/figcaption><\/figure>\n\n\n\n<p style=\"text-align:left\">Bench\u00e8 immobile, questa \u00e8 viva e sembra avere alcuni getti rinvigoriti verso la sommit\u00e0. Forse \u00e8 anche leggermente cresciuta ma ci vorrebbe uno strumento di precisione per misurarne gli eventuali progressi. Insomma non cresce per un belino, ma diamole tempo. Magari nel frattempo le radici sono arrivate alle falde del Po&#8217;.<\/p>\n\n\n\n<figure class=\"wp-block-image\"><img loading=\"lazy\" decoding=\"async\" width=\"640\" height=\"427\" src=\"http:\/\/www.stefanome.it\/blog\/wp-content\/uploads\/2019\/05\/IMG_20190522_101009.jpg\" alt=\"\" class=\"wp-image-16856\" srcset=\"http:\/\/www.stefanome.it\/blog\/wp-content\/uploads\/2019\/05\/IMG_20190522_101009.jpg 640w, http:\/\/www.stefanome.it\/blog\/wp-content\/uploads\/2019\/05\/IMG_20190522_101009-300x200.jpg 300w\" sizes=\"auto, (max-width: 640px) 100vw, 640px\" \/><figcaption>Sequoia Gigans, Giant Sequoia, Sequoia Belin ENORME.<\/figcaption><\/figure>\n\n\n\n<p>Questa \u00e8 colei che sembra aver patito di pi\u00f9. Sembra avere due minuscoli getti nuovi verso la base, ma bisognerebbe anche in questo caso dotarsi di uno strumento molto sofisticato per capire se c&#8217;\u00e8 qualcosa di nuovo oppure se sono solo un po&#8217; pi\u00f9 verdi. Forse le radici sono arrivate al mare. Tempo a disposizione, quanto ne vuole.<\/p>\n\n\n\n<figure class=\"wp-block-image\"><img loading=\"lazy\" decoding=\"async\" width=\"640\" height=\"427\" src=\"http:\/\/www.stefanome.it\/blog\/wp-content\/uploads\/2019\/05\/IMG_20190522_101058.jpg\" alt=\"\" class=\"wp-image-16858\" srcset=\"http:\/\/www.stefanome.it\/blog\/wp-content\/uploads\/2019\/05\/IMG_20190522_101058.jpg 640w, http:\/\/www.stefanome.it\/blog\/wp-content\/uploads\/2019\/05\/IMG_20190522_101058-300x200.jpg 300w\" sizes=\"auto, (max-width: 640px) 100vw, 640px\" \/><figcaption>Dawn Redwood, Abete Bianco, Metasequoia<\/figcaption><\/figure>\n\n\n\n<p>Questa invece \u00e8 raddoppiata in altezza, ha nuovi minuscoli protuberanze che sembrerebbero abbozzi di rami, insomma sembra aver preso bene. Le radici si sono congiunte con i parenti in Cina, creando quella rete sotterranea che un giorno ci uccider\u00e0 tutti riportando un equilibrio ecologico sano sul pianeta.<\/p>\n\n\n\n<figure class=\"wp-block-image\"><img loading=\"lazy\" decoding=\"async\" width=\"640\" height=\"427\" src=\"http:\/\/www.stefanome.it\/blog\/wp-content\/uploads\/2019\/05\/dettaglio.jpg\" alt=\"\" class=\"wp-image-16859\" srcset=\"http:\/\/www.stefanome.it\/blog\/wp-content\/uploads\/2019\/05\/dettaglio.jpg 640w, http:\/\/www.stefanome.it\/blog\/wp-content\/uploads\/2019\/05\/dettaglio-300x200.jpg 300w\" sizes=\"auto, (max-width: 640px) 100vw, 640px\" \/><figcaption>Dettaglio<\/figcaption><\/figure>\n\n\n\n<p><strong>Altro agomento. <\/strong>Ho in mente che avrei dovuto appuntarmi qualche nota da riportare qui. Ma al momento non mi viene in mente nulla se non che sono sempre pi\u00f9 rincoglionito. Giuro.<\/p>\n","protected":false},"excerpt":{"rendered":"<p>Visita lampo a Basaluzzo e foto delle tre nane californiane. Bench\u00e8 immobile, questa \u00e8 viva e sembra avere alcuni getti rinvigoriti verso la sommit\u00e0. Forse \u00e8 anche leggermente cresciuta ma ci vorrebbe uno strumento di precisione per misurarne gli eventuali &hellip; <a href=\"http:\/\/www.stefanome.it\/blog\/?p=16854\">Continue reading <span class=\"meta-nav\">&rarr;<\/span><\/a><\/p>\n","protected":false},"author":1,"featured_media":0,"comment_status":"open","ping_status":"open","sticky":false,"template":"","format":"standard","meta":{"footnotes":""},"categories":[1],"tags":[],"class_list":["post-16854","post","type-post","status-publish","format-standard","hentry","category-apc"],"_links":{"self":[{"href":"http:\/\/www.stefanome.it\/blog\/index.php?rest_route=\/wp\/v2\/posts\/16854","targetHints":{"allow":["GET"]}}],"collection":[{"href":"http:\/\/www.stefanome.it\/blog\/index.php?rest_route=\/wp\/v2\/posts"}],"about":[{"href":"http:\/\/www.stefanome.it\/blog\/index.php?rest_route=\/wp\/v2\/types\/post"}],"author":[{"embeddable":true,"href":"http:\/\/www.stefanome.it\/blog\/index.php?rest_route=\/wp\/v2\/users\/1"}],"replies":[{"embeddable":true,"href":"http:\/\/www.stefanome.it\/blog\/index.php?rest_route=%2Fwp%2Fv2%2Fcomments&post=16854"}],"version-history":[{"count":2,"href":"http:\/\/www.stefanome.it\/blog\/index.php?rest_route=\/wp\/v2\/posts\/16854\/revisions"}],"predecessor-version":[{"id":16861,"href":"http:\/\/www.stefanome.it\/blog\/index.php?rest_route=\/wp\/v2\/posts\/16854\/revisions\/16861"}],"wp:attachment":[{"href":"http:\/\/www.stefanome.it\/blog\/index.php?rest_route=%2Fwp%2Fv2%2Fmedia&parent=16854"}],"wp:term":[{"taxonomy":"category","embeddable":true,"href":"http:\/\/www.stefanome.it\/blog\/index.php?rest_route=%2Fwp%2Fv2%2Fcategories&post=16854"},{"taxonomy":"post_tag","embeddable":true,"href":"http:\/\/www.stefanome.it\/blog\/index.php?rest_route=%2Fwp%2Fv2%2Ftags&post=16854"}],"curies":[{"name":"wp","href":"https:\/\/api.w.org\/{rel}","templated":true}]}}