{"id":16830,"date":"2019-05-18T06:42:59","date_gmt":"2019-05-18T05:42:59","guid":{"rendered":"http:\/\/www.stefanome.it\/blog\/?p=16830"},"modified":"2019-05-18T16:52:09","modified_gmt":"2019-05-18T15:52:09","slug":"10-5-e-pioggia","status":"publish","type":"post","link":"http:\/\/www.stefanome.it\/blog\/?p=16830","title":{"rendered":"10.5 e pioggia."},"content":{"rendered":"\n<figure class=\"wp-block-image\"><a href=\"http:\/\/www.stefanome.it\/blog\/wp-content\/uploads\/2019\/05\/current3.jpg\" target=\"_blank\" rel=\"noreferrer noopener\"><img loading=\"lazy\" decoding=\"async\" width=\"1024\" height=\"768\" src=\"http:\/\/www.stefanome.it\/blog\/wp-content\/uploads\/2019\/05\/current3-1024x768.jpg\" alt=\"\" class=\"wp-image-16832\" srcset=\"http:\/\/www.stefanome.it\/blog\/wp-content\/uploads\/2019\/05\/current3.jpg 1024w, http:\/\/www.stefanome.it\/blog\/wp-content\/uploads\/2019\/05\/current3-300x225.jpg 300w, http:\/\/www.stefanome.it\/blog\/wp-content\/uploads\/2019\/05\/current3-768x576.jpg 768w\" sizes=\"auto, (max-width: 1024px) 100vw, 1024px\" \/><\/a><figcaption>Clicca<\/figcaption><\/figure>\n\n\n\n<p>Odo gli echi delle lamentele, i pianti e le maledizioni di chi in questo fine settimana si aspettava nelle campagne novesi sole e temperature miti. E&#8217; vero, siamo di alcuni gradi sotto la media, pochi per la verit\u00e0, e piove spesso, ma nemmeno pi\u00f9 di tanto rispetto alla media. Insomma, ma perch\u00e8 rompete i coglioni ? Ci abituiamo velocemente al sole ed al caldo anche se fuori stagione, appena le temperature e la piovosit\u00e0 rientrano nei ranghi, pronti a scassare il cazzo.<\/p>\n\n\n\n<p>Anche Miriam ha la tendenza a sottovalutare il valore della pioggia ed esprimere disappunto per le condizioni climatiche che lei ritiene avverse. Le ho rotto due volte il naso per convincerla della pochezza delle sue osservazioni, l&#8217;ho anche chiusa a chiave nel bagno, nutrendola con sottilette e prosciutto da sotto la porta per qualche giorno. Ma testarda e figlia unica com&#8217;\u00e8, non credo abbia cambiato opinione, tuttavia si trattiene dal lamentarsi.<\/p>\n\n\n\n<p>A parte qualche corteccia mangiata dai caprioli e le giovani foglie di molte querce  divorate da antipatici insetti arancioni a pallini neri, direi che il resto  della vegetazione se la passa bene. <\/p>\n\n\n\n<p>Gli alberi soprattutto si beano di questa umidit\u00e0 che impregna il terreno e consente alle radici di spingere laddove, quando la terra \u00e8 secca, \u00e8 impossibile progredire. Non accendo il camino A) perch\u00e8 \u00e8 una rottura di palle andare a prendere la legna B) perch\u00e8 prima di scaldare la stanza devo consumare un metro cubo di legna e C) perch\u00e8 affumico la casa per accenderlo.<\/p>\n\n\n\n<p>E cosa dire del rumore della pioggia sul tetto ? Parimenti a trovarsi la mattina nel dormitorio delle modelle di Victoria Secret, il risveglio con il suono gentile delle gocce sui coppi \u00e8 un toccasana per il mio buonumore. Ci sono anche gli storni, meno rispetto agli anni passati perch\u00e8 facendo dei lavori sul tetto abbiamo precluso in buona misura la possibilit\u00e0 ai pennuti di nidificare. Cantano armoniosamente e saltellano facendo il rumore di due cani di grossa taglia che si azzuffano. Oggi polenta con capriolo, si, uno di quei cazzo di animali che abbaiano e mangiano le cortecce dei miei alberi.<\/p>\n\n\n\n<figure class=\"wp-block-image\"><img loading=\"lazy\" decoding=\"async\" width=\"640\" height=\"480\" src=\"http:\/\/www.stefanome.it\/blog\/wp-content\/uploads\/2019\/05\/IMG_20190518_123311.jpg\" alt=\"\" class=\"wp-image-16835\" srcset=\"http:\/\/www.stefanome.it\/blog\/wp-content\/uploads\/2019\/05\/IMG_20190518_123311.jpg 640w, http:\/\/www.stefanome.it\/blog\/wp-content\/uploads\/2019\/05\/IMG_20190518_123311-300x225.jpg 300w\" sizes=\"auto, (max-width: 640px) 100vw, 640px\" \/><figcaption>Il pluviometro nuovo.<br><\/figcaption><\/figure>\n","protected":false},"excerpt":{"rendered":"<p>Odo gli echi delle lamentele, i pianti e le maledizioni di chi in questo fine settimana si aspettava nelle campagne novesi sole e temperature miti. E&#8217; vero, siamo di alcuni gradi sotto la media, pochi per la verit\u00e0, e piove &hellip; <a href=\"http:\/\/www.stefanome.it\/blog\/?p=16830\">Continue reading <span class=\"meta-nav\">&rarr;<\/span><\/a><\/p>\n","protected":false},"author":1,"featured_media":0,"comment_status":"open","ping_status":"open","sticky":false,"template":"","format":"standard","meta":{"footnotes":""},"categories":[1],"tags":[],"class_list":["post-16830","post","type-post","status-publish","format-standard","hentry","category-apc"],"_links":{"self":[{"href":"http:\/\/www.stefanome.it\/blog\/index.php?rest_route=\/wp\/v2\/posts\/16830","targetHints":{"allow":["GET"]}}],"collection":[{"href":"http:\/\/www.stefanome.it\/blog\/index.php?rest_route=\/wp\/v2\/posts"}],"about":[{"href":"http:\/\/www.stefanome.it\/blog\/index.php?rest_route=\/wp\/v2\/types\/post"}],"author":[{"embeddable":true,"href":"http:\/\/www.stefanome.it\/blog\/index.php?rest_route=\/wp\/v2\/users\/1"}],"replies":[{"embeddable":true,"href":"http:\/\/www.stefanome.it\/blog\/index.php?rest_route=%2Fwp%2Fv2%2Fcomments&post=16830"}],"version-history":[{"count":4,"href":"http:\/\/www.stefanome.it\/blog\/index.php?rest_route=\/wp\/v2\/posts\/16830\/revisions"}],"predecessor-version":[{"id":16836,"href":"http:\/\/www.stefanome.it\/blog\/index.php?rest_route=\/wp\/v2\/posts\/16830\/revisions\/16836"}],"wp:attachment":[{"href":"http:\/\/www.stefanome.it\/blog\/index.php?rest_route=%2Fwp%2Fv2%2Fmedia&parent=16830"}],"wp:term":[{"taxonomy":"category","embeddable":true,"href":"http:\/\/www.stefanome.it\/blog\/index.php?rest_route=%2Fwp%2Fv2%2Fcategories&post=16830"},{"taxonomy":"post_tag","embeddable":true,"href":"http:\/\/www.stefanome.it\/blog\/index.php?rest_route=%2Fwp%2Fv2%2Ftags&post=16830"}],"curies":[{"name":"wp","href":"https:\/\/api.w.org\/{rel}","templated":true}]}}