{"id":16796,"date":"2019-05-10T22:29:47","date_gmt":"2019-05-10T21:29:47","guid":{"rendered":"http:\/\/www.stefanome.it\/blog\/?p=16796"},"modified":"2019-05-10T22:29:47","modified_gmt":"2019-05-10T21:29:47","slug":"verde","status":"publish","type":"post","link":"http:\/\/www.stefanome.it\/blog\/?p=16796","title":{"rendered":"Verde."},"content":{"rendered":"\n<figure class=\"wp-block-image\"><a href=\"http:\/\/www.stefanome.it\/blog\/wp-content\/uploads\/2019\/05\/basa318.jpg\" target=\"_blank\" rel=\"noreferrer noopener\"><img loading=\"lazy\" decoding=\"async\" width=\"1024\" height=\"768\" src=\"http:\/\/www.stefanome.it\/blog\/wp-content\/uploads\/2019\/05\/basa318-1024x768.jpg\" alt=\"\" class=\"wp-image-16797\" srcset=\"http:\/\/www.stefanome.it\/blog\/wp-content\/uploads\/2019\/05\/basa318.jpg 1024w, http:\/\/www.stefanome.it\/blog\/wp-content\/uploads\/2019\/05\/basa318-300x225.jpg 300w, http:\/\/www.stefanome.it\/blog\/wp-content\/uploads\/2019\/05\/basa318-768x576.jpg 768w\" sizes=\"auto, (max-width: 1024px) 100vw, 1024px\" \/><\/a><figcaption>Clicca<\/figcaption><\/figure>\n\n\n\n<p>Qualche giorno di pioggia, poi l&#8217;umido ed il sole tiepido, ecco il verde che pi\u00f9 verde non si pu\u00f2. Gli alberi premono al massimo delle loro capacit\u00e0, sviluppano chioma e radici velocemente, una bellezza.<\/p>\n\n\n\n<figure class=\"wp-block-image\"><img loading=\"lazy\" decoding=\"async\" width=\"640\" height=\"480\" src=\"http:\/\/www.stefanome.it\/blog\/wp-content\/uploads\/2019\/05\/IMG_20190510_191013.jpg\" alt=\"\" class=\"wp-image-16798\" srcset=\"http:\/\/www.stefanome.it\/blog\/wp-content\/uploads\/2019\/05\/IMG_20190510_191013.jpg 640w, http:\/\/www.stefanome.it\/blog\/wp-content\/uploads\/2019\/05\/IMG_20190510_191013-300x225.jpg 300w\" sizes=\"auto, (max-width: 640px) 100vw, 640px\" \/><\/figure>\n\n\n\n<p>Questo \u00e8 l&#8217;abete natalizio di mio fratello. E&#8217; pieno di oggetti verde intenso come questo nella foto. Che abbia attecchito ? Ma questi cosa sono, rami, pigne, fiori, animali da cortile, li trovi all&#8217;Ikea ?  La mia ignoranza \u00e8 abbissale ma confido che questo sia un buon segno. <\/p>\n\n\n\n<figure class=\"wp-block-image\"><img loading=\"lazy\" decoding=\"async\" width=\"640\" height=\"480\" src=\"http:\/\/www.stefanome.it\/blog\/wp-content\/uploads\/2019\/05\/IMG_20190510_200843.jpg\" alt=\"\" class=\"wp-image-16799\" srcset=\"http:\/\/www.stefanome.it\/blog\/wp-content\/uploads\/2019\/05\/IMG_20190510_200843.jpg 640w, http:\/\/www.stefanome.it\/blog\/wp-content\/uploads\/2019\/05\/IMG_20190510_200843-300x225.jpg 300w\" sizes=\"auto, (max-width: 640px) 100vw, 640px\" \/><\/figure>\n\n\n\n<p>Questa \u00e8 la Q1, supera i tre metri di altezza, un metro all&#8217;anno, ha una chioma abbastanza strana, probabilmente avrei dovuto tagliare quella specie di pennacchio in cima lasciando che si sviluppassero i rami a met\u00e0 altezza. Adesso invece devo metterle un bel tutore altrimenti alla prima sventolata si rompe.<\/p>\n\n\n\n<figure class=\"wp-block-image\"><img loading=\"lazy\" decoding=\"async\" width=\"640\" height=\"480\" src=\"http:\/\/www.stefanome.it\/blog\/wp-content\/uploads\/2019\/05\/IMG_20190510_192345.jpg\" alt=\"\" class=\"wp-image-16800\" srcset=\"http:\/\/www.stefanome.it\/blog\/wp-content\/uploads\/2019\/05\/IMG_20190510_192345.jpg 640w, http:\/\/www.stefanome.it\/blog\/wp-content\/uploads\/2019\/05\/IMG_20190510_192345-300x225.jpg 300w\" sizes=\"auto, (max-width: 640px) 100vw, 640px\" \/><\/figure>\n\n\n\n<p>La Metasequoia pi\u00f9 o meno in 15 giorni \u00e8 raddoppiata di altezza, iniziano anche a formarsi quelli che saranno i rami, almeno credo. Questa foto fatta con il telefono fa  schifo, uno dei prosimi giorni prendo la macchina fotografica e far\u00f2 una foto che far\u00e0 schifo, ma sar\u00e0 fatta con la macchina fotografica. Qualcosa mi sfugge in questo ragionamento.<\/p>\n\n\n\n<p><\/p>\n","protected":false},"excerpt":{"rendered":"<p>Qualche giorno di pioggia, poi l&#8217;umido ed il sole tiepido, ecco il verde che pi\u00f9 verde non si pu\u00f2. Gli alberi premono al massimo delle loro capacit\u00e0, sviluppano chioma e radici velocemente, una bellezza. Questo \u00e8 l&#8217;abete natalizio di mio &hellip; <a href=\"http:\/\/www.stefanome.it\/blog\/?p=16796\">Continue reading <span class=\"meta-nav\">&rarr;<\/span><\/a><\/p>\n","protected":false},"author":1,"featured_media":0,"comment_status":"open","ping_status":"open","sticky":false,"template":"","format":"standard","meta":{"footnotes":""},"categories":[1],"tags":[],"class_list":["post-16796","post","type-post","status-publish","format-standard","hentry","category-apc"],"_links":{"self":[{"href":"http:\/\/www.stefanome.it\/blog\/index.php?rest_route=\/wp\/v2\/posts\/16796","targetHints":{"allow":["GET"]}}],"collection":[{"href":"http:\/\/www.stefanome.it\/blog\/index.php?rest_route=\/wp\/v2\/posts"}],"about":[{"href":"http:\/\/www.stefanome.it\/blog\/index.php?rest_route=\/wp\/v2\/types\/post"}],"author":[{"embeddable":true,"href":"http:\/\/www.stefanome.it\/blog\/index.php?rest_route=\/wp\/v2\/users\/1"}],"replies":[{"embeddable":true,"href":"http:\/\/www.stefanome.it\/blog\/index.php?rest_route=%2Fwp%2Fv2%2Fcomments&post=16796"}],"version-history":[{"count":1,"href":"http:\/\/www.stefanome.it\/blog\/index.php?rest_route=\/wp\/v2\/posts\/16796\/revisions"}],"predecessor-version":[{"id":16801,"href":"http:\/\/www.stefanome.it\/blog\/index.php?rest_route=\/wp\/v2\/posts\/16796\/revisions\/16801"}],"wp:attachment":[{"href":"http:\/\/www.stefanome.it\/blog\/index.php?rest_route=%2Fwp%2Fv2%2Fmedia&parent=16796"}],"wp:term":[{"taxonomy":"category","embeddable":true,"href":"http:\/\/www.stefanome.it\/blog\/index.php?rest_route=%2Fwp%2Fv2%2Fcategories&post=16796"},{"taxonomy":"post_tag","embeddable":true,"href":"http:\/\/www.stefanome.it\/blog\/index.php?rest_route=%2Fwp%2Fv2%2Ftags&post=16796"}],"curies":[{"name":"wp","href":"https:\/\/api.w.org\/{rel}","templated":true}]}}