{"id":16670,"date":"2019-04-25T06:47:47","date_gmt":"2019-04-25T05:47:47","guid":{"rendered":"http:\/\/www.stefanome.it\/blog\/?p=16670"},"modified":"2019-04-25T06:47:47","modified_gmt":"2019-04-25T05:47:47","slug":"crepa","status":"publish","type":"post","link":"http:\/\/www.stefanome.it\/blog\/?p=16670","title":{"rendered":"Crepa."},"content":{"rendered":"\n<p>Il pluviometro ARPA di Basaluzzo dopo le piogge di ieri segna quasi 40 millimetri in tre giorni, io sono fermo a 12. Ho ispezionato con cura il mio tubo graduato ed ho scoperto una crepa sottile e lunga che non avevo notato prima. Probabilmente s&#8217;\u00e8 formata con il ghiaccio di questo inverno. Morale, perde acqua, dunque probabilmente la lettura giusta \u00e8 pi\u00f9 vicina a 40 che non a 12. Meglio cos\u00ec. <\/p>\n\n\n\n<p>Ieri gran bella giornata, sole, nuvole, un paio di scrosci di pioggia abbastanza prolungati. Poi \u00e8 entrato l&#8217;Ostro, vento dominante che corrisponde pi\u00f9 o meno al libeccio ligure. Ho dovuto rinforzare gli ormeggi ad un tiglio che ho messo a dimora quattro anni fa e che gi\u00e0 una volta si \u00e8 piegato proprio per effetto del forte vento da sud.<\/p>\n\n\n\n<p><strong>Gia detto precedentemente. <\/strong>L&#8217;Ostro crea sulla pozzanghera dei giochi di onde bellissimi, dovrei fotografarli ma ieri ne avevo per l&#8217;acciuga. Un giorno spiegher\u00f2 la natura di minuscole increspature che rappresentano mulinelli di vento altrimenti invisibili. Dal punto di vista fisico, minuscole trombe o tornadi. Ma devo prima fotografarli.<\/p>\n\n\n\n<figure class=\"wp-block-image\"><img loading=\"lazy\" decoding=\"async\" width=\"1024\" height=\"768\" src=\"http:\/\/www.stefanome.it\/blog\/wp-content\/uploads\/2019\/04\/basa319-1024x768.jpg\" alt=\"\" class=\"wp-image-16671\" srcset=\"http:\/\/www.stefanome.it\/blog\/wp-content\/uploads\/2019\/04\/basa319.jpg 1024w, http:\/\/www.stefanome.it\/blog\/wp-content\/uploads\/2019\/04\/basa319-300x225.jpg 300w, http:\/\/www.stefanome.it\/blog\/wp-content\/uploads\/2019\/04\/basa319-768x576.jpg 768w\" sizes=\"auto, (max-width: 1024px) 100vw, 1024px\" \/><figcaption>Clicca<\/figcaption><\/figure>\n\n\n\n<p><strong>Altro argomento.<\/strong><\/p>\n\n\n\n<div class=\"wp-block-stevehenty-drop-shadow-box dropshadowboxes-container\" style=\"width:auto\"><div class=\"dropshadowboxes-drop-shadow dropshadowboxes-lifted-both dropshadowboxes-rounded-corners dropshadowboxes-inside-and-outside-shadow\" style=\"background-color:#FFFFFF;border-style:solid;border-width:2px;border-color:#DDDDDD;width:;padding:10px\"><div>\n<p> &#8220;Non ci sono pi\u00f9 le mezze stagioni\u201d \u00e8 un tormentone che sento da quando,  decine di anni fa, ero ancora adolescente, e forse potrebbe essere  proprio cos\u00ec. Oggi, ad esempio, c\u2019\u00e8 stata, per tutto il giorno, una  precipitazione tipica di marzo, ma mese pi\u00f9, mese meno, forse non  significa gran che, solo che per la gente c\u2019\u00e8 stata la Pasqua di mezzo\u2026.  E\u2019 stato comunque un tipo di tempo benedetto dalla campagna, e che \u00e8  stato definito maltempo da chi era vacanziero e gitaiolo. La \u201cgente\u201d  dovrebbe capire che il tempo atmosferico sta subendo modificazioni  rispetto ai tempi passati e che i concetti di \u201cmaltempo\u201d e \u201cbuontempo\u201d  devono essere adattati alle varie situazioni. Se dite che \u00e8 maltempo un  periodo piovoso estivo ad un balneare sicuramente si trover\u00e0 d\u2019accordo, e  sar\u00e0 felice di mesi soleggiati e secchi: quest\u2019ultima cosa non sar\u00e0  certo l\u2019ideale per campagna ed agricoltori. E una stagione con  temperature oltre la media in inverno fa certo comodo poich\u00e8 si  risparmia sul riscaldamento, ma non \u00e8 normale, cos\u00ec come non \u00e8 normale,  come \u00e8 gi\u00e0 successo, che il caldo d\u2019estate duri da maggio a ottobre. E  tutto questo sconvolge i cicli naturali di piante ed animali: noi umani  no, siamo felici del caldo d\u2019inverno e del sole abbronzante d\u2019estate.  Chiedo scusa del pistolotto, non sono un ambientalista impegnato, solo  un osservatore sconsolato. <\/p>\n<\/div><\/div><\/div>\n\n\n\n<p>Cos\u00ec mi scrive Roberto. Roberto forse non esiste se non nella mia fantasia. Io sono dissociato e sempre pi\u00f9 confuso ed \u00e8 possibile che abbia delle fasi di sdoppiamento della personalit\u00e0 ed inventi delle persone che commentano le mie modeste note. Infatti qui sopra Roberto scrive cose che avrei potuto scrivere io, magari avrei inserito qualche termine utile come &#8220;cazzo, tette figa&#8221; <em>che servono a condire il mio discorso d&#8217;autore<\/em> (cit.)<\/p>\n\n\n\n<p>Provo ad essere serio per pochi minuti suscitando nausea nel raggio di un km da dove sono seduto. Io non parlerei di normale-anormale ma userei il concetto di condizioni nuove; il clima, Trump, May, Di Maio sono tutti fenomeni nuovi, che impongono adattamenti ancor prima di riflessioni. Nuovi non nella sostanza (mani, piedi e coglioni sono sempre esistiti) bens\u00ec nella risonanza e nel ruolo nelle nostre vite. Io non vorrei Trump come amministratore del mio condominio e Di Maio non lo considero in grado di fare arbitro in una partita di cirulla, e guarda che ruoli occupano. Io sono convinto che queste novit\u00e0 siano tutte frutto della nostra natura umana, conseguenze di somme di errori portai avanti per decenni da noi singoli individui e da coloro che abbiamo pigramente eletto. Per quanto riguarda il clima nello specifico, ho letto un breve commento di qualcuno di cui ovviamente ho scordato le generalit\u00e0, dove dice che larghe fette della popolazione oggi consapevole \u00e8 passata dalla negazione al nichilismo senza toccare la fase della reazione. Io pianto alberi ma alla fine mi identifico in questa comoda ed ipocrita fascia della popolazione.<\/p>\n\n\n\n<div class=\"wp-block-media-text alignwide\" style=\"grid-template-columns:68% auto\"><figure class=\"wp-block-media-text__media\"><img loading=\"lazy\" decoding=\"async\" width=\"612\" height=\"409\" src=\"http:\/\/www.stefanome.it\/blog\/wp-content\/uploads\/2019\/04\/olmo.jpg\" alt=\"\" class=\"wp-image-16674\" srcset=\"http:\/\/www.stefanome.it\/blog\/wp-content\/uploads\/2019\/04\/olmo.jpg 612w, http:\/\/www.stefanome.it\/blog\/wp-content\/uploads\/2019\/04\/olmo-300x200.jpg 300w\" sizes=\"auto, (max-width: 612px) 100vw, 612px\" \/><\/figure><div class=\"wp-block-media-text__content\">\n<p><strong>Ultima annotazione;<\/strong> l&#8217;Ostro ha scrollato per bene gli Olmi i cui semi si sono sparpagliati ovunque. Anche nella Pozzanghera dove le carpe hanno gradito la manna dal cielo e si sono abboffate per mangiare quelli che galleggiavano.<\/p>\n<\/div><\/div>\n\n\n\n<p>Foto rubata da Internet.<\/p>\n","protected":false},"excerpt":{"rendered":"<p>Il pluviometro ARPA di Basaluzzo dopo le piogge di ieri segna quasi 40 millimetri in tre giorni, io sono fermo a 12. Ho ispezionato con cura il mio tubo graduato ed ho scoperto una crepa sottile e lunga che non &hellip; <a href=\"http:\/\/www.stefanome.it\/blog\/?p=16670\">Continue reading <span class=\"meta-nav\">&rarr;<\/span><\/a><\/p>\n","protected":false},"author":1,"featured_media":0,"comment_status":"open","ping_status":"open","sticky":false,"template":"","format":"standard","meta":{"footnotes":""},"categories":[1],"tags":[],"class_list":["post-16670","post","type-post","status-publish","format-standard","hentry","category-apc"],"_links":{"self":[{"href":"http:\/\/www.stefanome.it\/blog\/index.php?rest_route=\/wp\/v2\/posts\/16670","targetHints":{"allow":["GET"]}}],"collection":[{"href":"http:\/\/www.stefanome.it\/blog\/index.php?rest_route=\/wp\/v2\/posts"}],"about":[{"href":"http:\/\/www.stefanome.it\/blog\/index.php?rest_route=\/wp\/v2\/types\/post"}],"author":[{"embeddable":true,"href":"http:\/\/www.stefanome.it\/blog\/index.php?rest_route=\/wp\/v2\/users\/1"}],"replies":[{"embeddable":true,"href":"http:\/\/www.stefanome.it\/blog\/index.php?rest_route=%2Fwp%2Fv2%2Fcomments&post=16670"}],"version-history":[{"count":4,"href":"http:\/\/www.stefanome.it\/blog\/index.php?rest_route=\/wp\/v2\/posts\/16670\/revisions"}],"predecessor-version":[{"id":16676,"href":"http:\/\/www.stefanome.it\/blog\/index.php?rest_route=\/wp\/v2\/posts\/16670\/revisions\/16676"}],"wp:attachment":[{"href":"http:\/\/www.stefanome.it\/blog\/index.php?rest_route=%2Fwp%2Fv2%2Fmedia&parent=16670"}],"wp:term":[{"taxonomy":"category","embeddable":true,"href":"http:\/\/www.stefanome.it\/blog\/index.php?rest_route=%2Fwp%2Fv2%2Fcategories&post=16670"},{"taxonomy":"post_tag","embeddable":true,"href":"http:\/\/www.stefanome.it\/blog\/index.php?rest_route=%2Fwp%2Fv2%2Ftags&post=16670"}],"curies":[{"name":"wp","href":"https:\/\/api.w.org\/{rel}","templated":true}]}}