{"id":16645,"date":"2019-04-17T19:47:36","date_gmt":"2019-04-17T18:47:36","guid":{"rendered":"http:\/\/www.stefanome.it\/blog\/?p=16645"},"modified":"2019-04-17T19:47:36","modified_gmt":"2019-04-17T18:47:36","slug":"carpe-2018","status":"publish","type":"post","link":"http:\/\/www.stefanome.it\/blog\/?p=16645","title":{"rendered":"Carpe 2018"},"content":{"rendered":"\n<figure class=\"wp-block-image\"><img loading=\"lazy\" decoding=\"async\" width=\"630\" height=\"472\" src=\"http:\/\/www.stefanome.it\/blog\/wp-content\/uploads\/2019\/04\/IMG_20190417_132821.jpg\" alt=\"\" class=\"wp-image-16644\" srcset=\"http:\/\/www.stefanome.it\/blog\/wp-content\/uploads\/2019\/04\/IMG_20190417_132821.jpg 630w, http:\/\/www.stefanome.it\/blog\/wp-content\/uploads\/2019\/04\/IMG_20190417_132821-300x225.jpg 300w\" sizes=\"auto, (max-width: 630px) 100vw, 630px\" \/><\/figure>\n\n\n\n<p>I colori sono abbastanza esagerati, la foto originale era smunta e l&#8217;ho aggiustata, la Carpa infatti sembra del colore di un evidenziatore. Si nascondeva sotto le piante ma non \u00e8 scappata vedendomi, sembrava quasi incuriosita. No, quest&#8217;ultima annotazione \u00e8 una cazzata, probabilmente non mi vedeva perch\u00e8 ero immobile.<\/p>\n\n\n\n<figure class=\"wp-block-image\"><img loading=\"lazy\" decoding=\"async\" width=\"640\" height=\"480\" src=\"http:\/\/www.stefanome.it\/blog\/wp-content\/uploads\/2019\/04\/IMG_20190417_132455.jpg\" alt=\"\" class=\"wp-image-16643\" srcset=\"http:\/\/www.stefanome.it\/blog\/wp-content\/uploads\/2019\/04\/IMG_20190417_132455.jpg 640w, http:\/\/www.stefanome.it\/blog\/wp-content\/uploads\/2019\/04\/IMG_20190417_132455-300x225.jpg 300w\" sizes=\"auto, (max-width: 640px) 100vw, 640px\" \/><\/figure>\n\n\n\n<p>Se la prima foto era taroccata, questa lo \u00e8 ancora di pi\u00f9. Ma si vedono due pesci della leva 2018 di cui uno ha una colorazione davvero curiosa. Spero di riuscire a scattare foto migliori nelle prossime settimane usando la macchina fotografica.<\/p>\n\n\n\n<figure class=\"wp-block-image\"><img loading=\"lazy\" decoding=\"async\" width=\"630\" height=\"472\" src=\"http:\/\/www.stefanome.it\/blog\/wp-content\/uploads\/2019\/04\/IMG_20190417_123621.jpg\" alt=\"\" class=\"wp-image-16642\" srcset=\"http:\/\/www.stefanome.it\/blog\/wp-content\/uploads\/2019\/04\/IMG_20190417_123621.jpg 630w, http:\/\/www.stefanome.it\/blog\/wp-content\/uploads\/2019\/04\/IMG_20190417_123621-300x225.jpg 300w\" sizes=\"auto, (max-width: 630px) 100vw, 630px\" \/><\/figure>\n\n\n\n<p>Questo \u00e8 il contatore oggi alle ore 12:40. Legge 36 metri cubi, 2 ettolitri, 0 decalitri, zero litri e 8 decilitri. Oppure 36.200,8 litri.<\/p>\n\n\n\n<div class=\"wp-block-image\"><figure class=\"aligncenter\"><img loading=\"lazy\" decoding=\"async\" width=\"473\" height=\"630\" src=\"http:\/\/www.stefanome.it\/blog\/wp-content\/uploads\/2019\/04\/IMG_20190417_094100.jpg\" alt=\"\" class=\"wp-image-16641\" srcset=\"http:\/\/www.stefanome.it\/blog\/wp-content\/uploads\/2019\/04\/IMG_20190417_094100.jpg 473w, http:\/\/www.stefanome.it\/blog\/wp-content\/uploads\/2019\/04\/IMG_20190417_094100-225x300.jpg 225w\" sizes=\"auto, (max-width: 473px) 100vw, 473px\" \/><\/figure><\/div>\n\n\n\n<p>Invece questa \u00e8 la punta della Q1, ossia la quercia di Central Park che \u00e8 pi\u00f9 cresciuta rispetto alle altre 4. Ad occhio direi che misura pi\u00f9 di tre metri di altezza. Ci sono molte querce nei dintorni e la loro ripresa vegetativa varia tantissimo da pianta a pianta, alcune sembrano morte, altre hanno le foglie gi\u00e0 abbondantemente sviluppate. Altre, come questa, sta iniziando a svolgere i getti.  Devo ricordarmi di scrivere pi\u00f9 spesso annotazioni botaniche cos\u00ec intelligenti ed acute, aumentano leggermente la mia autostima almeno fino a quando vado a dormire.<\/p>\n\n\n\n<figure class=\"wp-block-image\"><img loading=\"lazy\" decoding=\"async\" width=\"630\" height=\"473\" src=\"http:\/\/www.stefanome.it\/blog\/wp-content\/uploads\/2019\/04\/IMG_20190417_083853.jpg\" alt=\"\" class=\"wp-image-16639\" srcset=\"http:\/\/www.stefanome.it\/blog\/wp-content\/uploads\/2019\/04\/IMG_20190417_083853.jpg 630w, http:\/\/www.stefanome.it\/blog\/wp-content\/uploads\/2019\/04\/IMG_20190417_083853-300x225.jpg 300w\" sizes=\"auto, (max-width: 630px) 100vw, 630px\" \/><\/figure>\n\n\n\n<p>E per terminare questa modestissima presentazione di foto brutte e gi\u00e0 viste, ecco il Dawn Redwood che inizia lentamente a crescere. Anche le due cugine che nelle ultime settimane hanno faticato a dar segni di ripresa, sembrano in discreta salute.<\/p>\n","protected":false},"excerpt":{"rendered":"<p>I colori sono abbastanza esagerati, la foto originale era smunta e l&#8217;ho aggiustata, la Carpa infatti sembra del colore di un evidenziatore. Si nascondeva sotto le piante ma non \u00e8 scappata vedendomi, sembrava quasi incuriosita. No, quest&#8217;ultima annotazione \u00e8 una &hellip; <a href=\"http:\/\/www.stefanome.it\/blog\/?p=16645\">Continue reading <span class=\"meta-nav\">&rarr;<\/span><\/a><\/p>\n","protected":false},"author":1,"featured_media":0,"comment_status":"open","ping_status":"open","sticky":false,"template":"","format":"standard","meta":{"footnotes":""},"categories":[1],"tags":[],"class_list":["post-16645","post","type-post","status-publish","format-standard","hentry","category-apc"],"_links":{"self":[{"href":"http:\/\/www.stefanome.it\/blog\/index.php?rest_route=\/wp\/v2\/posts\/16645","targetHints":{"allow":["GET"]}}],"collection":[{"href":"http:\/\/www.stefanome.it\/blog\/index.php?rest_route=\/wp\/v2\/posts"}],"about":[{"href":"http:\/\/www.stefanome.it\/blog\/index.php?rest_route=\/wp\/v2\/types\/post"}],"author":[{"embeddable":true,"href":"http:\/\/www.stefanome.it\/blog\/index.php?rest_route=\/wp\/v2\/users\/1"}],"replies":[{"embeddable":true,"href":"http:\/\/www.stefanome.it\/blog\/index.php?rest_route=%2Fwp%2Fv2%2Fcomments&post=16645"}],"version-history":[{"count":3,"href":"http:\/\/www.stefanome.it\/blog\/index.php?rest_route=\/wp\/v2\/posts\/16645\/revisions"}],"predecessor-version":[{"id":16648,"href":"http:\/\/www.stefanome.it\/blog\/index.php?rest_route=\/wp\/v2\/posts\/16645\/revisions\/16648"}],"wp:attachment":[{"href":"http:\/\/www.stefanome.it\/blog\/index.php?rest_route=%2Fwp%2Fv2%2Fmedia&parent=16645"}],"wp:term":[{"taxonomy":"category","embeddable":true,"href":"http:\/\/www.stefanome.it\/blog\/index.php?rest_route=%2Fwp%2Fv2%2Fcategories&post=16645"},{"taxonomy":"post_tag","embeddable":true,"href":"http:\/\/www.stefanome.it\/blog\/index.php?rest_route=%2Fwp%2Fv2%2Ftags&post=16645"}],"curies":[{"name":"wp","href":"https:\/\/api.w.org\/{rel}","templated":true}]}}