{"id":16553,"date":"2019-03-30T07:14:42","date_gmt":"2019-03-30T06:14:42","guid":{"rendered":"http:\/\/www.stefanome.it\/blog\/?p=16553"},"modified":"2019-03-30T07:14:42","modified_gmt":"2019-03-30T06:14:42","slug":"dente-pozzo","status":"publish","type":"post","link":"http:\/\/www.stefanome.it\/blog\/?p=16553","title":{"rendered":"Dente &#038; pozzo"},"content":{"rendered":"\n<figure class=\"wp-block-image\"><img loading=\"lazy\" decoding=\"async\" width=\"630\" height=\"473\" src=\"http:\/\/www.stefanome.it\/blog\/wp-content\/uploads\/2019\/03\/acqua.jpg\" alt=\"\" class=\"wp-image-16557\" srcset=\"http:\/\/www.stefanome.it\/blog\/wp-content\/uploads\/2019\/03\/acqua.jpg 630w, http:\/\/www.stefanome.it\/blog\/wp-content\/uploads\/2019\/03\/acqua-300x225.jpg 300w\" sizes=\"auto, (max-width: 630px) 100vw, 630px\" \/><\/figure>\n\n\n\n<p>Ieri \u00e8 stato attivato in via temporanea il nuovo pozzo. Questa foto riprende i primi istanti durante i quali \u00e8 uscita acqua dal tubo. E&#8217; stato un momento di grande emozione. Arriva acqua ed \u00e8 una cosa positiva perch\u00e8 la pompa era ferma da novembre e le pompe non sono pi\u00f9 quelle di una volta, cio\u00e8 si rompono facilmente. Quella pietra messa in piedi sarebbe servita qualora la pressione dell&#8217;acqua fosse stata tale da fare uno zampillo che avrebbe potuto sollevare il fondo, insomma, seghe mentali. Infatti non serve ad una beata sega. La pressione \u00e8 tale per cui esce un pisciuelo di acqua, ma la portata modesta della pompa \u00e8 stata una scelta ragionata e dunque \u00e8 bene cos\u00ec. Spero l&#8217;acqua pescata a cinquanta metri di profondit\u00e0 non sia velenosa.<\/p>\n\n\n\n<figure class=\"wp-block-image\"><img loading=\"lazy\" decoding=\"async\" width=\"630\" height=\"473\" src=\"http:\/\/www.stefanome.it\/blog\/wp-content\/uploads\/2019\/03\/IMG_20190328_170933.jpg\" alt=\"\" class=\"wp-image-16554\" srcset=\"http:\/\/www.stefanome.it\/blog\/wp-content\/uploads\/2019\/03\/IMG_20190328_170933.jpg 630w, http:\/\/www.stefanome.it\/blog\/wp-content\/uploads\/2019\/03\/IMG_20190328_170933-300x225.jpg 300w\" sizes=\"auto, (max-width: 630px) 100vw, 630px\" \/><\/figure>\n\n\n\n<p>Nei prossimi giorni verr\u00e0 attivato un quadro elettrico molto sofisticato, l&#8217;elettricista che ha escoltato le mie richieste ha subito cercato di accoltellarmi ma poi si \u00e8 rassegnato a farlo secondo le mie richieste tecniche e funzionali.  Quando il quadro sar\u00e0 a posto, inizier\u00f2 a prendere le misure per capire quanta acqua il nuovo pozzo fornisce per davvero.<\/p>\n\n\n\n<div class=\"wp-block-image\"><figure class=\"aligncenter\"><img loading=\"lazy\" decoding=\"async\" width=\"350\" height=\"467\" src=\"http:\/\/www.stefanome.it\/blog\/wp-content\/uploads\/2019\/03\/dente.jpg\" alt=\"\" class=\"wp-image-16558\" srcset=\"http:\/\/www.stefanome.it\/blog\/wp-content\/uploads\/2019\/03\/dente.jpg 350w, http:\/\/www.stefanome.it\/blog\/wp-content\/uploads\/2019\/03\/dente-225x300.jpg 225w\" sizes=\"auto, (max-width: 350px) 100vw, 350px\" \/><\/figure><\/div>\n\n\n\n<p>Questa splendida ed utilissima nonch\u00e8 didattica ed avveniristica immagine mostra una radiografia di pochi giorni fa dove si vede  il mio dente che \u00e8 cresciuto alla cazzo sbucando da sotto la mascella. Da due settimane ha iniziato a rompere i coglioni e dunque deve essere rimosso, con le buone o con le cattive. Quell&#8217;alone scuro che si intravede nella radiografia \u00e8 una sacca di materiale organico marcio. Dalle descrizioni che ho avuto, pare assomigli a <em>zabaione spugnoso<\/em>. (Questa vince il premio &#8220;disgusto primo trimestre 2019&#8221;) Il maxillo facciale mi ha detto che deve trovare uno strumento specifico per afferrare il dente perch\u00e8 \u00e8 in una posizione del belino e con gli strumenti usuali non crede di poterci arrivare, ha aggiunto che \u00e8 possibile che la mascella si fratturi durante l&#8217;estrazione. Gli ho detto che se mi frantuma la mascella gli rigo la Volvo con un chiodo. Mi ha detto che non ha la Volvo. Devo studiare una forma di &#8220;retaliation&#8221; alternativa.<\/p>\n\n\n\n<p><strong>Adesso una annotazione particolarmente intelligente<\/strong>. La pennicilina venne scoperta nel 1928. Mio nonno era del 1867; con un dente del genere sicuramente sarebbe morto, perch\u00e8 se non lo avesse curato con antibiotici e non lo avesse rimosso con una certa sollecitudine, l&#8217;infezione si sarebbe estesa e sarebbe andato in setticemia in poco tempo. <\/p>\n\n\n\n<p><\/p>\n","protected":false},"excerpt":{"rendered":"<p>Ieri \u00e8 stato attivato in via temporanea il nuovo pozzo. Questa foto riprende i primi istanti durante i quali \u00e8 uscita acqua dal tubo. E&#8217; stato un momento di grande emozione. Arriva acqua ed \u00e8 una cosa positiva perch\u00e8 la &hellip; <a href=\"http:\/\/www.stefanome.it\/blog\/?p=16553\">Continue reading <span class=\"meta-nav\">&rarr;<\/span><\/a><\/p>\n","protected":false},"author":1,"featured_media":0,"comment_status":"open","ping_status":"open","sticky":false,"template":"","format":"standard","meta":{"footnotes":""},"categories":[1],"tags":[],"class_list":["post-16553","post","type-post","status-publish","format-standard","hentry","category-apc"],"_links":{"self":[{"href":"http:\/\/www.stefanome.it\/blog\/index.php?rest_route=\/wp\/v2\/posts\/16553","targetHints":{"allow":["GET"]}}],"collection":[{"href":"http:\/\/www.stefanome.it\/blog\/index.php?rest_route=\/wp\/v2\/posts"}],"about":[{"href":"http:\/\/www.stefanome.it\/blog\/index.php?rest_route=\/wp\/v2\/types\/post"}],"author":[{"embeddable":true,"href":"http:\/\/www.stefanome.it\/blog\/index.php?rest_route=\/wp\/v2\/users\/1"}],"replies":[{"embeddable":true,"href":"http:\/\/www.stefanome.it\/blog\/index.php?rest_route=%2Fwp%2Fv2%2Fcomments&post=16553"}],"version-history":[{"count":4,"href":"http:\/\/www.stefanome.it\/blog\/index.php?rest_route=\/wp\/v2\/posts\/16553\/revisions"}],"predecessor-version":[{"id":16562,"href":"http:\/\/www.stefanome.it\/blog\/index.php?rest_route=\/wp\/v2\/posts\/16553\/revisions\/16562"}],"wp:attachment":[{"href":"http:\/\/www.stefanome.it\/blog\/index.php?rest_route=%2Fwp%2Fv2%2Fmedia&parent=16553"}],"wp:term":[{"taxonomy":"category","embeddable":true,"href":"http:\/\/www.stefanome.it\/blog\/index.php?rest_route=%2Fwp%2Fv2%2Fcategories&post=16553"},{"taxonomy":"post_tag","embeddable":true,"href":"http:\/\/www.stefanome.it\/blog\/index.php?rest_route=%2Fwp%2Fv2%2Ftags&post=16553"}],"curies":[{"name":"wp","href":"https:\/\/api.w.org\/{rel}","templated":true}]}}