{"id":16538,"date":"2019-03-27T09:09:19","date_gmt":"2019-03-27T08:09:19","guid":{"rendered":"http:\/\/www.stefanome.it\/blog\/?p=16538"},"modified":"2019-03-27T09:09:19","modified_gmt":"2019-03-27T08:09:19","slug":"e-non-piove","status":"publish","type":"post","link":"http:\/\/www.stefanome.it\/blog\/?p=16538","title":{"rendered":"E non piove."},"content":{"rendered":"\n<div class=\"wp-block-columns has-2-columns is-layout-flex wp-container-core-columns-is-layout-9d6595d7 wp-block-columns-is-layout-flex\">\n<div class=\"wp-block-column is-layout-flow wp-block-column-is-layout-flow\">\n<figure class=\"wp-block-image\"><img loading=\"lazy\" decoding=\"async\" width=\"400\" height=\"267\" src=\"http:\/\/www.stefanome.it\/blog\/wp-content\/uploads\/2019\/03\/palle.jpg\" alt=\"\" class=\"wp-image-16544\" srcset=\"http:\/\/www.stefanome.it\/blog\/wp-content\/uploads\/2019\/03\/palle.jpg 400w, http:\/\/www.stefanome.it\/blog\/wp-content\/uploads\/2019\/03\/palle-300x200.jpg 300w\" sizes=\"auto, (max-width: 400px) 100vw, 400px\" \/><\/figure>\n\n\n\n<p><\/p>\n<\/div>\n\n\n\n<div class=\"wp-block-column is-layout-flow wp-block-column-is-layout-flow\">\n<p>Una decina di giorni fa il mio dentista mi ha trapanato un dente perch\u00e8 c&#8217;era una carie. Io formo tanto tartaro che potrei intonacare il Ponte Monumentale. Pensavo di aver capito che chi fa tartaro non fa carie e viceversa. Una sega a due mani. Durante le manovre per disinnescare i canali, uccidermi il dente e tappullarmelo, \u00e8 andato a tocchignare un tratto di gengiva sotto la quale giace da anni ed anni un dente del giudizio che \u00e8 cresciuto alla cazzo e spunta dalla mia mandibola.<br><\/p>\n<\/div>\n<\/div>\n\n\n\n<p>Da circa una settimana pertanto la parte superiore sinistra della mia mascella mi fa male per quanto il dentista lo ha menato al dente cariato, la parte inferiore sinistra invece mi fa male perch\u00e8 il dente nascosto si \u00e8 irritato, ha iniziato a dare segni di insofferenza, dolore, gonfiore, fuoriuscita di materiale organico da processo di putrefazione. E questo me lo devono far brillare. Se non ho capito male la tecnica, va fatto a brandelli e rimosso dalla mascella pezzetto per pezzetto.  Se durante la rimozione il dente oppone resistenza e poscia bisogna forzare esercitando pressioni particolari, la mascella si rompe. Allora me la devono riattaccare con delle viti e delle piastre di materiale metallico che dovr\u00f2 tenere per diversi mesi. Ma potrebbe anche succedere che durante il remescio nella mia bocca, un nervetto mandibolare viene accidentalmente reciso. In questo caso guadagner\u00f2 in via definitiva e permanente una intensa espressione scazzata come quella di Humprey Bogart, perch\u00e8 parte della bocca mi diventer\u00e0 insensibile e triste. Nel frattempo sto prendendo un ciclo di antibiotici ed antidolorifici. Esco dal bagno lasciando un odore che ricorda una solfatara, oppure una fabbrica di fertilizzanti, o entrambe le cose. E poi &#8211; non c&#8217;entra con il dente &#8211; mi devono cartavetrare un neo che ha iniziato a dare segni di instabilit\u00e0 e rischia di diventare un problemino di quelli tosti. <\/p>\n\n\n\n<p>E cosa dire dell&#8217;imbecillit\u00e0 che sta dilagando senza freni ? Non parlo solo di chi guida lo scooter con un piede allungato a sfiorar l&#8217;asfalto perch\u00e8 lo fa Valentino Rossi durante le gare. Frequento incidentalmente Facebook perch\u00e8 sono iscritto a gruppi che mi interessano, c&#8217;\u00e8 una notevole rappresentanza di gente che vive per litigare e sparare cazzate.  Forse faccio anch&#8217;io parte del problema senza rendermene conto, anch&#8217;io sostengo tesi che non sono universali, sono opinioni e mi sembra di essere nel giusto, ma lo sono veramente ? Sicuramente non insulto e non accuso. Mi limito a mandare a cagare sulle ortiche qualcuno, oppure se voglio essere meno triviale, auguro una peristalsi intestinale piena di liquidi e di gas. <\/p>\n\n\n\n<p>Ma pi\u00f9 di tutto, mi disturba la siccit\u00e0 che, nel Basso Piemonte collinare e padano, inizia a diventare un problema. Il grano appena spuntato non cresce e chi deve arare non pu\u00f2 perch\u00e8 la terra \u00e8 dura. Siamo a -70% di pioggia ed i mesi di Gennaio, Febbraio e Marzo fino a ieri sono stati i tre mesi pi\u00f9 alti dal 1850. Ma non del relativo mese, bens\u00ec del mese successivo. Ossia Gennaio \u00e8 stato pi\u00f9 caldo del pi\u00f9 caldo Febbraio, Febbraio pi\u00f9 caldo del Marzo pi\u00f9 caldo e cos\u00ec via. Pu\u00f2 anche darsi che questi dati siano inaccurati e messi in giro allo scopo di allarmare la gente che poi si avvilisce, ma comunque sia, io devo irrigare i giovani alberi, non pensavo che lo avrei mai dovuto fare a Marzo. Ed \u00e8 pieno di vespe, che in genere arrivano a fine Maggio mentre le formiche hanno iniziato a portare via i semi messi nel terreno. Insomma non va affatto bene ma per il momento se ne rende conto il 2% della popolazione. Gli altri vivono sereni e si godono il sole ed il caldo. <\/p>\n","protected":false},"excerpt":{"rendered":"<p>Una decina di giorni fa il mio dentista mi ha trapanato un dente perch\u00e8 c&#8217;era una carie. Io formo tanto tartaro che potrei intonacare il Ponte Monumentale. Pensavo di aver capito che chi fa tartaro non fa carie e viceversa. &hellip; <a href=\"http:\/\/www.stefanome.it\/blog\/?p=16538\">Continue reading <span class=\"meta-nav\">&rarr;<\/span><\/a><\/p>\n","protected":false},"author":1,"featured_media":0,"comment_status":"open","ping_status":"open","sticky":false,"template":"","format":"standard","meta":{"footnotes":""},"categories":[1],"tags":[],"class_list":["post-16538","post","type-post","status-publish","format-standard","hentry","category-apc"],"_links":{"self":[{"href":"http:\/\/www.stefanome.it\/blog\/index.php?rest_route=\/wp\/v2\/posts\/16538","targetHints":{"allow":["GET"]}}],"collection":[{"href":"http:\/\/www.stefanome.it\/blog\/index.php?rest_route=\/wp\/v2\/posts"}],"about":[{"href":"http:\/\/www.stefanome.it\/blog\/index.php?rest_route=\/wp\/v2\/types\/post"}],"author":[{"embeddable":true,"href":"http:\/\/www.stefanome.it\/blog\/index.php?rest_route=\/wp\/v2\/users\/1"}],"replies":[{"embeddable":true,"href":"http:\/\/www.stefanome.it\/blog\/index.php?rest_route=%2Fwp%2Fv2%2Fcomments&post=16538"}],"version-history":[{"count":6,"href":"http:\/\/www.stefanome.it\/blog\/index.php?rest_route=\/wp\/v2\/posts\/16538\/revisions"}],"predecessor-version":[{"id":16546,"href":"http:\/\/www.stefanome.it\/blog\/index.php?rest_route=\/wp\/v2\/posts\/16538\/revisions\/16546"}],"wp:attachment":[{"href":"http:\/\/www.stefanome.it\/blog\/index.php?rest_route=%2Fwp%2Fv2%2Fmedia&parent=16538"}],"wp:term":[{"taxonomy":"category","embeddable":true,"href":"http:\/\/www.stefanome.it\/blog\/index.php?rest_route=%2Fwp%2Fv2%2Fcategories&post=16538"},{"taxonomy":"post_tag","embeddable":true,"href":"http:\/\/www.stefanome.it\/blog\/index.php?rest_route=%2Fwp%2Fv2%2Ftags&post=16538"}],"curies":[{"name":"wp","href":"https:\/\/api.w.org\/{rel}","templated":true}]}}