{"id":16516,"date":"2019-03-20T21:17:04","date_gmt":"2019-03-20T20:17:04","guid":{"rendered":"http:\/\/www.stefanome.it\/blog\/?p=16516"},"modified":"2019-03-20T21:17:04","modified_gmt":"2019-03-20T20:17:04","slug":"cister","status":"publish","type":"post","link":"http:\/\/www.stefanome.it\/blog\/?p=16516","title":{"rendered":"Cister"},"content":{"rendered":"\n<div class=\"wp-block-image\"><figure class=\"aligncenter\"><img loading=\"lazy\" decoding=\"async\" width=\"400\" height=\"438\" src=\"http:\/\/www.stefanome.it\/blog\/wp-content\/uploads\/2019\/03\/Testina3.jpg\" alt=\"\" class=\"wp-image-16520\" srcset=\"http:\/\/www.stefanome.it\/blog\/wp-content\/uploads\/2019\/03\/Testina3.jpg 400w, http:\/\/www.stefanome.it\/blog\/wp-content\/uploads\/2019\/03\/Testina3-274x300.jpg 274w\" sizes=\"auto, (max-width: 400px) 100vw, 400px\" \/><\/figure><\/div>\n\n\n\n<p>Questo \u00e8 un selfie, poi ho ritoccato la foto lasciando la mia testa circondata dal nero cosmico. Si riconosce una formazione ciclonica oraria, come un Tifone. Credo fosse quella struttura che mia madre chiamava la rosa. &#8220;Hai la rosa come tuo nonno&#8221; mi diceva; ero bambino e non sapevo come interpretare la frase. Dovevo esserne orgoglioso pur non sapendo con precisione a cosa alludesse, oppure avrei dovuto preoccuparmi ?<\/p>\n\n\n\n<p>Si vedono, molto bene, le orecchie. Viste da questa angolazione sembrano tutto fuorch\u00e8 orecchie. Sono paffute, qualcosa che ricorda un tortellino sotto steroidi o un dettaglio di una poltrona anni 80. Una pocket-vagina come quelle che vendono nei negozi hard.<\/p>\n\n\n\n<div class=\"wp-block-columns has-2-columns is-layout-flex wp-container-core-columns-is-layout-9d6595d7 wp-block-columns-is-layout-flex\">\n<div class=\"wp-block-column is-layout-flow wp-block-column-is-layout-flow\">\n<figure class=\"wp-block-image is-resized\"><img loading=\"lazy\" decoding=\"async\" src=\"http:\/\/www.stefanome.it\/blog\/wp-content\/uploads\/2019\/03\/cister.jpg\" alt=\"\" class=\"wp-image-16518\" width=\"279\" height=\"159\" srcset=\"http:\/\/www.stefanome.it\/blog\/wp-content\/uploads\/2019\/03\/cister.jpg 500w, http:\/\/www.stefanome.it\/blog\/wp-content\/uploads\/2019\/03\/cister-300x172.jpg 300w\" sizes=\"auto, (max-width: 279px) 100vw, 279px\" \/><figcaption>Cister<\/figcaption><\/figure>\n\n\n\n<p><\/p>\n<\/div>\n\n\n\n<div class=\"wp-block-column is-layout-flow wp-block-column-is-layout-flow\">\n<p>Questo \u00e8 un dettaglio della mia cister che spunta dai capelli acconciatura Papillon (una ciste che produce forfora, o cipsters, definizione ad uso famigliare) Non me l&#8217;ero mai fotografata,  \u00e8 ben pi\u00f9 disgustosa di quanto potessi immaginare. Anzi posso affermare che questa \u00e8 la foto pi\u00f9 disgustosa del blog.<\/p>\n<\/div>\n<\/div>\n\n\n\n<p>Sembra una enorme caccola o un grumo di polvere o un frammento di gomma da masticare immersa nel pelo di un cinghiale.<\/p>\n\n\n\n<p>Per mitigare la nausea esistenziale che mi viene a vedere la foto dovrei metter su una foto della Pozzanghera fangosa M.<\/p>\n\n\n\n<figure class=\"wp-block-image\"><a href=\"http:\/\/www.stefanome.it\/blog\/wp-content\/uploads\/2019\/03\/bas2_18.jpg\" target=\"_blank\" rel=\"noreferrer noopener\"><img loading=\"lazy\" decoding=\"async\" width=\"1024\" height=\"768\" src=\"http:\/\/www.stefanome.it\/blog\/wp-content\/uploads\/2019\/03\/bas2_18-1024x768.jpg\" alt=\"\" class=\"wp-image-16527\" srcset=\"http:\/\/www.stefanome.it\/blog\/wp-content\/uploads\/2019\/03\/bas2_18-1024x768.jpg 1024w, http:\/\/www.stefanome.it\/blog\/wp-content\/uploads\/2019\/03\/bas2_18-300x225.jpg 300w, http:\/\/www.stefanome.it\/blog\/wp-content\/uploads\/2019\/03\/bas2_18-768x576.jpg 768w, http:\/\/www.stefanome.it\/blog\/wp-content\/uploads\/2019\/03\/bas2_18.jpg 1280w\" sizes=\"auto, (max-width: 1024px) 100vw, 1024px\" \/><\/a><\/figure>\n\n\n\n<p>Invece ecco la foto della Bascam 2, la meno gettonata, in luce tardo pomeridiana. L&#8217;unica piccola novit\u00e0 e la Forsizia che da questa mattina alloggia nel vaso che fu mangiatoria per animali da pascolo nella precedente vita della cascina. <br><\/p>\n","protected":false},"excerpt":{"rendered":"<p>Questo \u00e8 un selfie, poi ho ritoccato la foto lasciando la mia testa circondata dal nero cosmico. Si riconosce una formazione ciclonica oraria, come un Tifone. Credo fosse quella struttura che mia madre chiamava la rosa. &#8220;Hai la rosa come &hellip; <a href=\"http:\/\/www.stefanome.it\/blog\/?p=16516\">Continue reading <span class=\"meta-nav\">&rarr;<\/span><\/a><\/p>\n","protected":false},"author":1,"featured_media":0,"comment_status":"open","ping_status":"open","sticky":false,"template":"","format":"standard","meta":{"footnotes":""},"categories":[1],"tags":[],"class_list":["post-16516","post","type-post","status-publish","format-standard","hentry","category-apc"],"_links":{"self":[{"href":"http:\/\/www.stefanome.it\/blog\/index.php?rest_route=\/wp\/v2\/posts\/16516","targetHints":{"allow":["GET"]}}],"collection":[{"href":"http:\/\/www.stefanome.it\/blog\/index.php?rest_route=\/wp\/v2\/posts"}],"about":[{"href":"http:\/\/www.stefanome.it\/blog\/index.php?rest_route=\/wp\/v2\/types\/post"}],"author":[{"embeddable":true,"href":"http:\/\/www.stefanome.it\/blog\/index.php?rest_route=\/wp\/v2\/users\/1"}],"replies":[{"embeddable":true,"href":"http:\/\/www.stefanome.it\/blog\/index.php?rest_route=%2Fwp%2Fv2%2Fcomments&post=16516"}],"version-history":[{"count":8,"href":"http:\/\/www.stefanome.it\/blog\/index.php?rest_route=\/wp\/v2\/posts\/16516\/revisions"}],"predecessor-version":[{"id":16528,"href":"http:\/\/www.stefanome.it\/blog\/index.php?rest_route=\/wp\/v2\/posts\/16516\/revisions\/16528"}],"wp:attachment":[{"href":"http:\/\/www.stefanome.it\/blog\/index.php?rest_route=%2Fwp%2Fv2%2Fmedia&parent=16516"}],"wp:term":[{"taxonomy":"category","embeddable":true,"href":"http:\/\/www.stefanome.it\/blog\/index.php?rest_route=%2Fwp%2Fv2%2Fcategories&post=16516"},{"taxonomy":"post_tag","embeddable":true,"href":"http:\/\/www.stefanome.it\/blog\/index.php?rest_route=%2Fwp%2Fv2%2Ftags&post=16516"}],"curies":[{"name":"wp","href":"https:\/\/api.w.org\/{rel}","templated":true}]}}