{"id":16447,"date":"2019-02-24T20:49:42","date_gmt":"2019-02-24T19:49:42","guid":{"rendered":"http:\/\/www.stefanome.it\/blog\/?p=16447"},"modified":"2019-02-24T20:49:42","modified_gmt":"2019-02-24T19:49:42","slug":"genova","status":"publish","type":"post","link":"http:\/\/www.stefanome.it\/blog\/?p=16447","title":{"rendered":"Genova."},"content":{"rendered":"\n<p>L&#8217;avvicinamento con giornate serene e terse come queste \u00e8 davvero bello. Si arriva da nord-est sugli appennini, in vista dell&#8217;Antola si vira verso sud proprio sul Brugneto, il Monviso in bella vista che sfila in lontananza, si passa sopra Sori, poi si compie una ampia curva che si conclude sul Monte di Portofino per dunque allinearsi scorrendo tutta la costa fino alla pista di atterraggio. L&#8217;arrivo al Cristoforo Colombo invece pu\u00f2 comportare un rapido decadimento dell&#8217;umore. <\/p>\n\n\n\n<p>Credo, anzi sono quasi sicuro di aver gi\u00e0 scritto quanto segue, ciononstante, sticazzi.<\/p>\n\n\n\n<p>Da Monaco di Baviera si arriva con un aereo di piccole dimensioni, si scende dalla scaletta in dotazione del veicolo. Si viene accolti da automezzi di servizio d&#8217;epoca. Il carrellino sul quale vengono disposte le valige consegnate a bordo aereo alla partenza avr\u00e0 la mia et\u00e0. E&#8217; un telaio di ferro pluri pitturato con la base in legno massello come lo erano le navi di fine &#8216;800. Ma \u00e8 bello, nulla da dire, ha un certo fascino e se fossi il responsabile dell&#8217;aeroporto non lo cambierei, probabilmente ad un&#8217;asta potrebbe anche valere dei bei soldi.  Forse questa valutazione \u00e8 stata fatta dai revisori dei conti che hanno cos\u00ec potuto incrementare il patrimonio netto della societ\u00e0 proprietaria.<\/p>\n\n\n\n<div class=\"wp-block-columns has-2-columns is-layout-flex wp-container-core-columns-is-layout-9d6595d7 wp-block-columns-is-layout-flex\">\n<div class=\"wp-block-column is-layout-flow wp-block-column-is-layout-flow\">\n<p> Il trattore che traina i carrelli dei bagagli potrebbe benissimo avere  la messa in moto a manovella. E&#8217; minuscolo ed i due addetti seduti alla  guida sembrano dipinti come nei vecchi giocattoli. L&#8217;insieme mi ricorda  l&#8217;infanzia dove sulle giostre c&#8217;era sicuramente un veicolo come questo.  Anche in questo caso, sarebbe un delitto dismetterlo perch\u00e8 credo abbia un valore simbolico ma anche monetario significativo.<\/p>\n<\/div>\n\n\n\n<div class=\"wp-block-column is-layout-flow wp-block-column-is-layout-flow\">\n<figure class=\"wp-block-image\"><img loading=\"lazy\" decoding=\"async\" width=\"560\" height=\"420\" src=\"http:\/\/www.stefanome.it\/blog\/wp-content\/uploads\/2019\/02\/colombo.jpg\" alt=\"\" class=\"wp-image-16448\" srcset=\"http:\/\/www.stefanome.it\/blog\/wp-content\/uploads\/2019\/02\/colombo.jpg 560w, http:\/\/www.stefanome.it\/blog\/wp-content\/uploads\/2019\/02\/colombo-300x225.jpg 300w\" sizes=\"auto, (max-width: 560px) 100vw, 560px\" \/><figcaption>Quello di destra, ma giallo.<\/figcaption><\/figure>\n<\/div>\n<\/div>\n\n\n\n<p>L&#8217;interno dell&#8217;aereostazione per\u00f2 induce ad un senso di tristezza vero. E&#8217; uno di quei momenti in cui, dopo essere stato in viaggio per 14 ore, assonnato e con il jet leg, il Prozac deve fare bene il proprio lavoro o rischio di deprimermi. Mentre l&#8217;area partenze ha subito un restiling ed \u00e8 ora un luogo decoroso ed accogliente, sugli arrivi c&#8217;\u00e8 ancora da fare per non essere quel luogo abbandonato disordinato, maltenuto, sciatto, sporco ed ostile che sembra dire &#8220;insomma siete atterrati sani e salvi, cazzo volete ancora ?&#8221;<\/p>\n\n\n\n<p><strong>Nota di carattere logistico. <\/strong>In teoria io dovrei spogliarmi nel taxi. Perch\u00e8 Miriam vuole fare subito la lavatrice perch\u00e8 cos\u00ec mette in ordine prima di mettere in disordine, dunque dovrei aprire la porta di casa ed infilarmi sotto la doccia mentre lei compulsivamente prende i miei vestiti e li mette in lavatrice insieme ai suoi. <\/p>\n\n\n\n<p><strong>WordPress mi informa <\/strong>che la versione del PHP sul quale gira questo mio avvilente blog \u00e8 obsoleta e va aggiornata. Ma prima devo salvare tutto e se dovessi avere dei problemi mi devo rivolgere al mio Internet Service Provider perch\u00e8 sono solo cazzi miei.  &#8220;<em>Updating your PHP version should not be a problem, but we can\u2019t guarantee that it\u2019s not.<\/em> &#8221; Gi\u00e0 questo mi inquieta, ma ancor peggio \u00e8 la seguente chiosa:  &#8220;<em>If you run into any issues whilst doing this or need help, you should  contact a professional web developer, your hosting company, or your  theme and plugins authors. All of these will be happy to help here<\/em>.&#8221; <\/p>\n\n\n\n<p>Scriver\u00f2 ad Aruba per avere risposte incomprensibili.<\/p>\n","protected":false},"excerpt":{"rendered":"<p>L&#8217;avvicinamento con giornate serene e terse come queste \u00e8 davvero bello. Si arriva da nord-est sugli appennini, in vista dell&#8217;Antola si vira verso sud proprio sul Brugneto, il Monviso in bella vista che sfila in lontananza, si passa sopra Sori, &hellip; <a href=\"http:\/\/www.stefanome.it\/blog\/?p=16447\">Continue reading <span class=\"meta-nav\">&rarr;<\/span><\/a><\/p>\n","protected":false},"author":1,"featured_media":0,"comment_status":"open","ping_status":"open","sticky":false,"template":"","format":"standard","meta":{"footnotes":""},"categories":[1],"tags":[],"class_list":["post-16447","post","type-post","status-publish","format-standard","hentry","category-apc"],"_links":{"self":[{"href":"http:\/\/www.stefanome.it\/blog\/index.php?rest_route=\/wp\/v2\/posts\/16447","targetHints":{"allow":["GET"]}}],"collection":[{"href":"http:\/\/www.stefanome.it\/blog\/index.php?rest_route=\/wp\/v2\/posts"}],"about":[{"href":"http:\/\/www.stefanome.it\/blog\/index.php?rest_route=\/wp\/v2\/types\/post"}],"author":[{"embeddable":true,"href":"http:\/\/www.stefanome.it\/blog\/index.php?rest_route=\/wp\/v2\/users\/1"}],"replies":[{"embeddable":true,"href":"http:\/\/www.stefanome.it\/blog\/index.php?rest_route=%2Fwp%2Fv2%2Fcomments&post=16447"}],"version-history":[{"count":5,"href":"http:\/\/www.stefanome.it\/blog\/index.php?rest_route=\/wp\/v2\/posts\/16447\/revisions"}],"predecessor-version":[{"id":16453,"href":"http:\/\/www.stefanome.it\/blog\/index.php?rest_route=\/wp\/v2\/posts\/16447\/revisions\/16453"}],"wp:attachment":[{"href":"http:\/\/www.stefanome.it\/blog\/index.php?rest_route=%2Fwp%2Fv2%2Fmedia&parent=16447"}],"wp:term":[{"taxonomy":"category","embeddable":true,"href":"http:\/\/www.stefanome.it\/blog\/index.php?rest_route=%2Fwp%2Fv2%2Fcategories&post=16447"},{"taxonomy":"post_tag","embeddable":true,"href":"http:\/\/www.stefanome.it\/blog\/index.php?rest_route=%2Fwp%2Fv2%2Ftags&post=16447"}],"curies":[{"name":"wp","href":"https:\/\/api.w.org\/{rel}","templated":true}]}}