{"id":16414,"date":"2019-02-13T17:07:36","date_gmt":"2019-02-13T16:07:36","guid":{"rendered":"http:\/\/www.stefanome.it\/blog\/?p=16414"},"modified":"2019-02-13T17:07:36","modified_gmt":"2019-02-13T16:07:36","slug":"bel-tempo","status":"publish","type":"post","link":"http:\/\/www.stefanome.it\/blog\/?p=16414","title":{"rendered":"Bel tempo."},"content":{"rendered":"\n<figure class=\"wp-block-image\"><img loading=\"lazy\" decoding=\"async\" width=\"50\" height=\"13\" src=\"http:\/\/www.stefanome.it\/blog\/wp-content\/uploads\/2013\/11\/iloveNY.jpg\" alt=\"\" class=\"wp-image-5249\"\/><\/figure>\n\n\n\n<p>Dopo la neve di ieri, oggi sole. Per tornare a ieri, non avevo mai assistito a qualche ora di pioggia gelata. Mi annoto questa spiegazione del fenomeno. La colonna d&#8217;aria determina la tipologia di precipitazione. Se \u00e8 tutta sotto zero, o almeno lo \u00e8 a partire da circa 200 metri, nevica. Se \u00e8 sopra zero per almeno 200 metri a partire dal suolo, piove. Se la temperatura al suolo \u00e8 sotto zero e la colonna \u00e8 sopra zero, piove e ghiaccia al suolo. Se la temperatura della colonna \u00e8 in alto sopra zero e verso il suolo sotto zero, cadono minuscole palline di ghiaccio perfettamente trasparente. In Liguria e Piemonte quest&#8217;ultima circostanza non capita perch\u00e8 la geografia della zona non permette la stratificazione delle temperature di questo tipo. Ossia viene un gelicidio perch\u00e8 al suolo la temperatura \u00e8 sotto zero ma appena si sale di altitudine \u00e8 subito acqua perch\u00e8 il cuscinetto di aria fredda \u00e8 gia stato disintegrato da venti da sud che hanno incontrato monti e dunque si \u00e8 tutto rimescolato.  Ho elaborato un sofisticato disegno; lo sottoporr\u00f2 alla comunit\u00e0 meteo di facebook dalla quale ricever\u00f2 una somma di pernacchie che si elever\u00e0 fino alla mesosfera.  <\/p>\n\n\n\n<figure class=\"wp-block-image\"><img loading=\"lazy\" decoding=\"async\" width=\"985\" height=\"497\" src=\"http:\/\/www.stefanome.it\/blog\/wp-content\/uploads\/2019\/02\/strati.jpg\" alt=\"\" class=\"wp-image-16415\" srcset=\"http:\/\/www.stefanome.it\/blog\/wp-content\/uploads\/2019\/02\/strati.jpg 985w, http:\/\/www.stefanome.it\/blog\/wp-content\/uploads\/2019\/02\/strati-300x151.jpg 300w, http:\/\/www.stefanome.it\/blog\/wp-content\/uploads\/2019\/02\/strati-768x388.jpg 768w\" sizes=\"auto, (max-width: 985px) 100vw, 985px\" \/><figcaption>Quando non si ha un cazzo da fare.<\/figcaption><\/figure>\n\n\n\n<figure class=\"wp-block-image\"><img loading=\"lazy\" decoding=\"async\" width=\"630\" height=\"473\" src=\"http:\/\/www.stefanome.it\/blog\/wp-content\/uploads\/2019\/02\/vessel.jpg\" alt=\"\" class=\"wp-image-16416\" srcset=\"http:\/\/www.stefanome.it\/blog\/wp-content\/uploads\/2019\/02\/vessel.jpg 630w, http:\/\/www.stefanome.it\/blog\/wp-content\/uploads\/2019\/02\/vessel-300x225.jpg 300w\" sizes=\"auto, (max-width: 630px) 100vw, 630px\" \/><\/figure>\n\n\n\n<p>Nonostante l&#8217;inclemenza del tempo, ho preso la metropolitana e sono andato a vedere questo oggetto, costruito a Monfalcone, assemblato in questo enorme progetto edilizio.  E&#8217; ancora chiuso al pubblico, non ho ancora ben capito a cosa cazzo serve, ma forse pochi lo sanno e con molti dubbi. Lo hanno paragonato alla Tour Eiffel, ossia \u00e8 grosso ed \u00e8 costato un botto, ci puoi salire sopra e serve per vantarsi di quanto \u00e8 bello, ma alla fine della fiera \u00e8 una ingombrante struttura in ferro all&#8217;interno della quale faranno delle piccole mostre o altre minuscole cazzate, quando non piove. Lo apriranno a met\u00e0 marzo. Ho gi\u00e0 ampiamente parlato di questa roba, ma ho preso del freddo per andare a vederlo e scattare questa misera foto. Bisogner\u00e0 andarlo a visitare prima che diventi famoso al grosso pubblico. A quel punto diventer\u00e0 affollato come una discoteca e sar\u00e0 impossibile accedervi se non dopo lunghe code. <\/p>\n\n\n\n<p>Sono tornato dal parrucchiere russo, mi ha messo nuovamente lo strofinaccio rovente sull&#8217;occipitale e la fronte mi si \u00e8 colorata di rosso. Ormai mi conosce ma non mi ha offerto il liquore dei parenti, forse sono morti i parenti, o dei clienti dopo che hanno bevuto l&#8217;intruglio radioattivo.<\/p>\n","protected":false},"excerpt":{"rendered":"<p>Dopo la neve di ieri, oggi sole. Per tornare a ieri, non avevo mai assistito a qualche ora di pioggia gelata. Mi annoto questa spiegazione del fenomeno. La colonna d&#8217;aria determina la tipologia di precipitazione. Se \u00e8 tutta sotto zero, &hellip; <a href=\"http:\/\/www.stefanome.it\/blog\/?p=16414\">Continue reading <span class=\"meta-nav\">&rarr;<\/span><\/a><\/p>\n","protected":false},"author":1,"featured_media":0,"comment_status":"open","ping_status":"open","sticky":false,"template":"","format":"standard","meta":{"footnotes":""},"categories":[1],"tags":[],"class_list":["post-16414","post","type-post","status-publish","format-standard","hentry","category-apc"],"_links":{"self":[{"href":"http:\/\/www.stefanome.it\/blog\/index.php?rest_route=\/wp\/v2\/posts\/16414","targetHints":{"allow":["GET"]}}],"collection":[{"href":"http:\/\/www.stefanome.it\/blog\/index.php?rest_route=\/wp\/v2\/posts"}],"about":[{"href":"http:\/\/www.stefanome.it\/blog\/index.php?rest_route=\/wp\/v2\/types\/post"}],"author":[{"embeddable":true,"href":"http:\/\/www.stefanome.it\/blog\/index.php?rest_route=\/wp\/v2\/users\/1"}],"replies":[{"embeddable":true,"href":"http:\/\/www.stefanome.it\/blog\/index.php?rest_route=%2Fwp%2Fv2%2Fcomments&post=16414"}],"version-history":[{"count":1,"href":"http:\/\/www.stefanome.it\/blog\/index.php?rest_route=\/wp\/v2\/posts\/16414\/revisions"}],"predecessor-version":[{"id":16417,"href":"http:\/\/www.stefanome.it\/blog\/index.php?rest_route=\/wp\/v2\/posts\/16414\/revisions\/16417"}],"wp:attachment":[{"href":"http:\/\/www.stefanome.it\/blog\/index.php?rest_route=%2Fwp%2Fv2%2Fmedia&parent=16414"}],"wp:term":[{"taxonomy":"category","embeddable":true,"href":"http:\/\/www.stefanome.it\/blog\/index.php?rest_route=%2Fwp%2Fv2%2Fcategories&post=16414"},{"taxonomy":"post_tag","embeddable":true,"href":"http:\/\/www.stefanome.it\/blog\/index.php?rest_route=%2Fwp%2Fv2%2Ftags&post=16414"}],"curies":[{"name":"wp","href":"https:\/\/api.w.org\/{rel}","templated":true}]}}