{"id":16350,"date":"2019-02-02T14:28:18","date_gmt":"2019-02-02T13:28:18","guid":{"rendered":"http:\/\/www.stefanome.it\/blog\/?p=16350"},"modified":"2019-02-03T07:52:44","modified_gmt":"2019-02-03T06:52:44","slug":"varie-del-primo-sabato-di-febbraio","status":"publish","type":"post","link":"http:\/\/www.stefanome.it\/blog\/?p=16350","title":{"rendered":"Varie del primo Sabato di Febbraio."},"content":{"rendered":"\n<p>Un pensiero, fastidioso, corre alla plettora di pubblicit\u00e0 di autovetture fascia media; cercano di essere sofisticate, vengono narrate con la voce di un orgasmo misto a confessione, accennano a filosofia, principi morali ed etica, saper vivere, essere brillanti, spiritosi, profondi, sofisticati. In una parola sola, mediocri.<\/p>\n\n\n\n<p>Questa mattina guidando nelle nevi intorno a Gavi ho visto 2, dico due di queste vetture ultima generazione, Euro 69, air bag anche nelle mutande, USB galattico, posteggio automatico, cruise control con anal perception e Bluetooth bipolare. Ferme, con il cofano aperto ed un tentativo in corso di far partire la batteria morta con i morsetti.  <\/p>\n\n\n\n<figure class=\"wp-block-image\"><img loading=\"lazy\" decoding=\"async\" width=\"630\" height=\"472\" src=\"http:\/\/www.stefanome.it\/blog\/wp-content\/uploads\/2019\/02\/550.jpg\" alt=\"\" class=\"wp-image-16351\" srcset=\"http:\/\/www.stefanome.it\/blog\/wp-content\/uploads\/2019\/02\/550.jpg 630w, http:\/\/www.stefanome.it\/blog\/wp-content\/uploads\/2019\/02\/550-300x225.jpg 300w\" sizes=\"auto, (max-width: 630px) 100vw, 630px\" \/><\/figure>\n\n\n\n<p>Questo \u00e8 il mio Fiat 550 del 1964. Si \u00e8 fatto due mesi fermo a temperature sotto lo zero ed \u00e8 partito al primo tentativo. Non fa un filo di fumo, gira al minimo come un orologio.  Quando lo guido nei campi mi sento come quella gnocca della Claudia Schiffer sulla sua Volkswagen, solo pi\u00f9 interessante.<\/p>\n\n\n\n<figure class=\"wp-block-image\"><img loading=\"lazy\" decoding=\"async\" width=\"630\" height=\"472\" src=\"http:\/\/www.stefanome.it\/blog\/wp-content\/uploads\/2019\/02\/nacci.jpg\" alt=\"\" class=\"wp-image-16352\" srcset=\"http:\/\/www.stefanome.it\/blog\/wp-content\/uploads\/2019\/02\/nacci.jpg 630w, http:\/\/www.stefanome.it\/blog\/wp-content\/uploads\/2019\/02\/nacci-300x225.jpg 300w\" sizes=\"auto, (max-width: 630px) 100vw, 630px\" \/><\/figure>\n\n\n\n<p>Sono tornati. Non so dove siano stati in questi tre mesi in cui non si sono visti, ma annunciati dalle solite grida notturne, rieccoli sul tetto sul quale lo scorso anno hanno figliato. <\/p>\n\n\n\n<figure class=\"wp-block-image\"><img loading=\"lazy\" decoding=\"async\" width=\"498\" height=\"411\" src=\"http:\/\/www.stefanome.it\/blog\/wp-content\/uploads\/2019\/02\/ale.jpg\" alt=\"\" class=\"wp-image-16353\" srcset=\"http:\/\/www.stefanome.it\/blog\/wp-content\/uploads\/2019\/02\/ale.jpg 498w, http:\/\/www.stefanome.it\/blog\/wp-content\/uploads\/2019\/02\/ale-300x248.jpg 300w\" sizes=\"auto, (max-width: 498px) 100vw, 498px\" \/><\/figure>\n\n\n\n<p>Dopo la neve, groppi temporaleschi con vento ed un po&#8217; di armamentario tipico del temporale estivo, ma siamo al 2 Febbraio ed infatti le colline sono ancora piene di neve. Tutto tranquillo, state sereni.<\/p>\n\n\n\n<figure class=\"wp-block-image\"><img loading=\"lazy\" decoding=\"async\" width=\"630\" height=\"472\" src=\"http:\/\/www.stefanome.it\/blog\/wp-content\/uploads\/2019\/02\/oppo.jpg\" alt=\"\" class=\"wp-image-16354\" srcset=\"http:\/\/www.stefanome.it\/blog\/wp-content\/uploads\/2019\/02\/oppo.jpg 630w, http:\/\/www.stefanome.it\/blog\/wp-content\/uploads\/2019\/02\/oppo-300x225.jpg 300w\" sizes=\"auto, (max-width: 630px) 100vw, 630px\" \/><\/figure>\n\n\n\n<p>Adesso metto anche delle foto di Basaluzzo, ma prima una del mar Ligure rigato dall&#8217;improvviso vento del groppo che sta per passare qui sopra.<\/p>\n\n\n\n<figure class=\"wp-block-image\"><a href=\"http:\/\/www.stefanome.it\/blog\/wp-content\/uploads\/2019\/02\/currentb3-1.jpg\" target=\"_blank\" rel=\"noreferrer noopener\"><img loading=\"lazy\" decoding=\"async\" width=\"1024\" height=\"768\" src=\"http:\/\/www.stefanome.it\/blog\/wp-content\/uploads\/2019\/02\/currentb3-1-1024x768.jpg\" alt=\"\" class=\"wp-image-16355\" srcset=\"http:\/\/www.stefanome.it\/blog\/wp-content\/uploads\/2019\/02\/currentb3-1.jpg 1024w, http:\/\/www.stefanome.it\/blog\/wp-content\/uploads\/2019\/02\/currentb3-1-300x225.jpg 300w, http:\/\/www.stefanome.it\/blog\/wp-content\/uploads\/2019\/02\/currentb3-1-768x576.jpg 768w\" sizes=\"auto, (max-width: 1024px) 100vw, 1024px\" \/><\/a><figcaption>Clicca<\/figcaption><\/figure>\n\n\n\n<p>Questa mattina quando la temperatura era ancora sotto lo zero, poi si \u00e8 alzata ed ha iniziato a piovviginare, la neve si scioglier\u00e0 presto, o forse no, dipende quanto piover\u00e0 nelle prossime ore. <\/p>\n\n\n\n<figure class=\"wp-block-image\"><img loading=\"lazy\" decoding=\"async\" width=\"640\" height=\"480\" src=\"http:\/\/www.stefanome.it\/blog\/wp-content\/uploads\/2019\/02\/current_bas.jpg\" alt=\"\" class=\"wp-image-16356\" srcset=\"http:\/\/www.stefanome.it\/blog\/wp-content\/uploads\/2019\/02\/current_bas.jpg 640w, http:\/\/www.stefanome.it\/blog\/wp-content\/uploads\/2019\/02\/current_bas-300x225.jpg 300w\" sizes=\"auto, (max-width: 640px) 100vw, 640px\" \/><\/figure>\n\n\n\n<p><\/p>\n","protected":false},"excerpt":{"rendered":"<p>Un pensiero, fastidioso, corre alla plettora di pubblicit\u00e0 di autovetture fascia media; cercano di essere sofisticate, vengono narrate con la voce di un orgasmo misto a confessione, accennano a filosofia, principi morali ed etica, saper vivere, essere brillanti, spiritosi, profondi, &hellip; <a href=\"http:\/\/www.stefanome.it\/blog\/?p=16350\">Continue reading <span class=\"meta-nav\">&rarr;<\/span><\/a><\/p>\n","protected":false},"author":1,"featured_media":0,"comment_status":"open","ping_status":"open","sticky":false,"template":"","format":"standard","meta":{"footnotes":""},"categories":[1],"tags":[],"class_list":["post-16350","post","type-post","status-publish","format-standard","hentry","category-apc"],"_links":{"self":[{"href":"http:\/\/www.stefanome.it\/blog\/index.php?rest_route=\/wp\/v2\/posts\/16350","targetHints":{"allow":["GET"]}}],"collection":[{"href":"http:\/\/www.stefanome.it\/blog\/index.php?rest_route=\/wp\/v2\/posts"}],"about":[{"href":"http:\/\/www.stefanome.it\/blog\/index.php?rest_route=\/wp\/v2\/types\/post"}],"author":[{"embeddable":true,"href":"http:\/\/www.stefanome.it\/blog\/index.php?rest_route=\/wp\/v2\/users\/1"}],"replies":[{"embeddable":true,"href":"http:\/\/www.stefanome.it\/blog\/index.php?rest_route=%2Fwp%2Fv2%2Fcomments&post=16350"}],"version-history":[{"count":2,"href":"http:\/\/www.stefanome.it\/blog\/index.php?rest_route=\/wp\/v2\/posts\/16350\/revisions"}],"predecessor-version":[{"id":16358,"href":"http:\/\/www.stefanome.it\/blog\/index.php?rest_route=\/wp\/v2\/posts\/16350\/revisions\/16358"}],"wp:attachment":[{"href":"http:\/\/www.stefanome.it\/blog\/index.php?rest_route=%2Fwp%2Fv2%2Fmedia&parent=16350"}],"wp:term":[{"taxonomy":"category","embeddable":true,"href":"http:\/\/www.stefanome.it\/blog\/index.php?rest_route=%2Fwp%2Fv2%2Fcategories&post=16350"},{"taxonomy":"post_tag","embeddable":true,"href":"http:\/\/www.stefanome.it\/blog\/index.php?rest_route=%2Fwp%2Fv2%2Ftags&post=16350"}],"curies":[{"name":"wp","href":"https:\/\/api.w.org\/{rel}","templated":true}]}}