{"id":16257,"date":"2019-01-23T20:00:43","date_gmt":"2019-01-23T19:00:43","guid":{"rendered":"http:\/\/www.stefanome.it\/blog\/?p=16257"},"modified":"2019-01-23T21:12:40","modified_gmt":"2019-01-23T20:12:40","slug":"qualche-foto-della-neve","status":"publish","type":"post","link":"http:\/\/www.stefanome.it\/blog\/?p=16257","title":{"rendered":"Qualche foto della neve."},"content":{"rendered":"\n<p>Inevitabili. Ho salvato foto delle webcam e scattato foto con il telefono e con una digitale fino ad esaurire le batterie perch\u00e8, non so se si capisce, mi piace la neve. Questa nevicata di oggi su Genova era stata prevista ma solo da un modello matematico; gli altri 3 o 4 che ci sono in circolazione riducevano la precipitazione a qualcosa di marginale e senza alcuna possibilit\u00e0 di accumulo, dunque MOLOCH GEM o qualcosa del genere vince un premio simbolico. Tutti gli altri a letto senza cena. Incluso me ed inclusa ARPAL che ha creduto alla tendenza espressa dalla maggioranza delle elaborazioni ed ha diramato una allerta gialla. L&#8217;arancione ci stava tutto e forse qualche accenno sulla possibilit\u00e0 di un quasi-rigenerante su Genova poteva starci. Comunque, per quello che possa contare un mio primitivo giudizio, la gialla era l&#8217;unica vera indicazione che si sarebbe potuta dare.<\/p>\n\n\n\n<p>   <\/p>\n\n\n\n<figure class=\"wp-block-image\"><img loading=\"lazy\" decoding=\"async\" width=\"682\" height=\"386\" src=\"http:\/\/www.stefanome.it\/blog\/wp-content\/uploads\/2019\/01\/schermo2.jpg\" alt=\"\" class=\"wp-image-16269\" srcset=\"http:\/\/www.stefanome.it\/blog\/wp-content\/uploads\/2019\/01\/schermo2.jpg 682w, http:\/\/www.stefanome.it\/blog\/wp-content\/uploads\/2019\/01\/schermo2-300x170.jpg 300w\" sizes=\"auto, (max-width: 682px) 100vw, 682px\" \/><\/figure>\n\n\n\n<p>Ecco la videata di insieme delle webcam. Nevica a Genova e Basaluzzo. Piove a Rapallo, soleggiato a New York. La considerazione \u00e8 banale ma non sapevo cosa cazzo scrivere altrimenti.<\/p>\n\n\n\n<figure class=\"wp-block-image\"><img loading=\"lazy\" decoding=\"async\" width=\"635\" height=\"476\" src=\"http:\/\/www.stefanome.it\/blog\/wp-content\/uploads\/2019\/01\/P1000332.jpg\" alt=\"\" class=\"wp-image-16268\" srcset=\"http:\/\/www.stefanome.it\/blog\/wp-content\/uploads\/2019\/01\/P1000332.jpg 635w, http:\/\/www.stefanome.it\/blog\/wp-content\/uploads\/2019\/01\/P1000332-300x225.jpg 300w\" sizes=\"auto, (max-width: 635px) 100vw, 635px\" \/><figcaption><br><\/figcaption><\/figure>\n\n\n\n<p>Ho scattato questa foto dalla finestra del mio ufficio pensando si vedesse la mia motoretta, che parcheggio spesso proprio li. In realt\u00e0 \u00e8 con un certo disappunto che registro il fatto che la mia moto non si vede. Non ho pensato che l&#8217;avessero rubata, anche se oggi la scelta di moto era limitata. Si perch\u00e8 tutti quelli che guidano la moto tenendo i piedi di fuori perch\u00e8 \u00e8 la nuova moda, ovviamente non sanno guidare molto bene e con queste condizioni impervie finiscono tutti lunghi per terra. <br><\/p>\n\n\n\n<figure class=\"wp-block-image\"><img loading=\"lazy\" decoding=\"async\" width=\"635\" height=\"476\" src=\"http:\/\/www.stefanome.it\/blog\/wp-content\/uploads\/2019\/01\/IMG_20190123_153546.jpg\" alt=\"\" class=\"wp-image-16267\" srcset=\"http:\/\/www.stefanome.it\/blog\/wp-content\/uploads\/2019\/01\/IMG_20190123_153546.jpg 635w, http:\/\/www.stefanome.it\/blog\/wp-content\/uploads\/2019\/01\/IMG_20190123_153546-300x225.jpg 300w\" sizes=\"auto, (max-width: 635px) 100vw, 635px\" \/><figcaption><br><\/figcaption><\/figure>\n\n\n\n<p>Ecco la mia motoretta. Il ritorno a casa \u00e8 stato lento e faticoso, in coda tra le auto a passo d&#8217;uomo, illegalmente (perch\u00e8 quando nevica non si possono usare le moto) sono arrivato con i pollici congelati, calze e mutande gelate. La neve sul lungomare \u00e8 una cosa inconsueta, non sembra vero se non fosse che mi sono intraversato un paio di volte come Gatto Silvestro. Quello mi \u00e8 sembrato reale. Per inciso; in queste condizioni bisogna stare con i piedi ancora pi\u00f9 saldi sulle pedane e tirarli fuori sono occasionalmente in caso di emergenza. Ma questo gli scooteristi griffati non lo sanno.<\/p>\n\n\n\n<figure class=\"wp-block-image\"><a href=\"http:\/\/www.stefanome.it\/blog\/wp-content\/uploads\/2019\/01\/currentlido99.jpg\" target=\"_blank\" rel=\"noreferrer noopener\"><img loading=\"lazy\" decoding=\"async\" width=\"1024\" height=\"768\" src=\"http:\/\/www.stefanome.it\/blog\/wp-content\/uploads\/2019\/01\/currentlido99-1024x768.jpg\" alt=\"\" class=\"wp-image-16265\" srcset=\"http:\/\/www.stefanome.it\/blog\/wp-content\/uploads\/2019\/01\/currentlido99.jpg 1024w, http:\/\/www.stefanome.it\/blog\/wp-content\/uploads\/2019\/01\/currentlido99-300x225.jpg 300w, http:\/\/www.stefanome.it\/blog\/wp-content\/uploads\/2019\/01\/currentlido99-768x576.jpg 768w\" sizes=\"auto, (max-width: 1024px) 100vw, 1024px\" \/><\/a><figcaption>Clicca<\/figcaption><\/figure>\n\n\n\n<figure class=\"wp-block-image\"><img loading=\"lazy\" decoding=\"async\" width=\"640\" height=\"480\" src=\"http:\/\/www.stefanome.it\/blog\/wp-content\/uploads\/2019\/01\/currentbrig7.jpg\" alt=\"\" class=\"wp-image-16262\" srcset=\"http:\/\/www.stefanome.it\/blog\/wp-content\/uploads\/2019\/01\/currentbrig7.jpg 640w, http:\/\/www.stefanome.it\/blog\/wp-content\/uploads\/2019\/01\/currentbrig7-300x225.jpg 300w\" sizes=\"auto, (max-width: 640px) 100vw, 640px\" \/><figcaption><br><\/figcaption><\/figure>\n\n\n\n<figure class=\"wp-block-image\"><a href=\"http:\/\/www.stefanome.it\/blog\/wp-content\/uploads\/2019\/01\/currentb3a-1.jpg\" target=\"_blank\" rel=\"noreferrer noopener\"><img loading=\"lazy\" decoding=\"async\" width=\"1024\" height=\"768\" src=\"http:\/\/www.stefanome.it\/blog\/wp-content\/uploads\/2019\/01\/currentb3a-1-1024x768.jpg\" alt=\"\" class=\"wp-image-16260\" srcset=\"http:\/\/www.stefanome.it\/blog\/wp-content\/uploads\/2019\/01\/currentb3a-1.jpg 1024w, http:\/\/www.stefanome.it\/blog\/wp-content\/uploads\/2019\/01\/currentb3a-1-300x225.jpg 300w, http:\/\/www.stefanome.it\/blog\/wp-content\/uploads\/2019\/01\/currentb3a-1-768x576.jpg 768w\" sizes=\"auto, (max-width: 1024px) 100vw, 1024px\" \/><\/a><figcaption>Clicca<\/figcaption><\/figure>\n\n\n\n<p>\ufeffPerch\u00e8 nella Pozzanghera si forma un anello dove la neve si scioglie ? La temperatura \u00e8 ben sotto lo zero, nei laghi canadesi e finlandesi queste cose non accadono, \u00e8 tutto gelato dalla riva fino in centro e la gente va a pescare a pattinare a fare i pic nic. Perch\u00e8 a Basaluzzo si forma un anello di neve sciolta ? Le scoregge delle Carpe ? Chieder\u00f2 on line<strong>.<\/strong><\/p>\n\n\n\n<figure class=\"wp-block-image\"><a href=\"http:\/\/www.stefanome.it\/blog\/wp-content\/uploads\/2019\/01\/current_b2-1.jpg\" target=\"_blank\" rel=\"noreferrer noopener\"><img loading=\"lazy\" decoding=\"async\" width=\"1024\" height=\"768\" src=\"http:\/\/www.stefanome.it\/blog\/wp-content\/uploads\/2019\/01\/current_b2-1-1024x768.jpg\" alt=\"\" class=\"wp-image-16259\" srcset=\"http:\/\/www.stefanome.it\/blog\/wp-content\/uploads\/2019\/01\/current_b2-1-1024x768.jpg 1024w, http:\/\/www.stefanome.it\/blog\/wp-content\/uploads\/2019\/01\/current_b2-1-300x225.jpg 300w, http:\/\/www.stefanome.it\/blog\/wp-content\/uploads\/2019\/01\/current_b2-1-768x576.jpg 768w, http:\/\/www.stefanome.it\/blog\/wp-content\/uploads\/2019\/01\/current_b2-1.jpg 1280w\" sizes=\"auto, (max-width: 1024px) 100vw, 1024px\" \/><\/a><figcaption>Clicca<\/figcaption><\/figure>\n\n\n\n<p>Qui nelle vicinanze sotto la neve ci sono le tre sequoie californiane. Temo che una stia seccando, non per il freddo ma perch\u00e8 forse ha patito un po&#8217; di siccit\u00e0 nei giorni del favonio.<\/p>\n\n\n\n<figure class=\"wp-block-image\"><a href=\"http:\/\/www.stefanome.it\/blog\/wp-content\/uploads\/2019\/01\/basgra-2.jpg\" target=\"_blank\" rel=\"noreferrer noopener\"><img loading=\"lazy\" decoding=\"async\" width=\"1024\" height=\"768\" src=\"http:\/\/www.stefanome.it\/blog\/wp-content\/uploads\/2019\/01\/basgra-2-1024x768.jpg\" alt=\"\" class=\"wp-image-16258\" srcset=\"http:\/\/www.stefanome.it\/blog\/wp-content\/uploads\/2019\/01\/basgra-2-1024x768.jpg 1024w, http:\/\/www.stefanome.it\/blog\/wp-content\/uploads\/2019\/01\/basgra-2-300x225.jpg 300w, http:\/\/www.stefanome.it\/blog\/wp-content\/uploads\/2019\/01\/basgra-2-768x576.jpg 768w, http:\/\/www.stefanome.it\/blog\/wp-content\/uploads\/2019\/01\/basgra-2.jpg 1280w\" sizes=\"auto, (max-width: 1024px) 100vw, 1024px\" \/><\/a><figcaption>Clicca<\/figcaption><\/figure>\n\n\n\n<figure class=\"wp-block-image\"><a href=\"http:\/\/www.stefanome.it\/blog\/wp-content\/uploads\/2019\/01\/currentb3no.jpg\" target=\"_blank\" rel=\"noreferrer noopener\"><img loading=\"lazy\" decoding=\"async\" width=\"1024\" height=\"768\" src=\"http:\/\/www.stefanome.it\/blog\/wp-content\/uploads\/2019\/01\/currentb3no-1024x768.jpg\" alt=\"\" class=\"wp-image-16279\" srcset=\"http:\/\/www.stefanome.it\/blog\/wp-content\/uploads\/2019\/01\/currentb3no.jpg 1024w, http:\/\/www.stefanome.it\/blog\/wp-content\/uploads\/2019\/01\/currentb3no-300x225.jpg 300w, http:\/\/www.stefanome.it\/blog\/wp-content\/uploads\/2019\/01\/currentb3no-768x576.jpg 768w\" sizes=\"auto, (max-width: 1024px) 100vw, 1024px\" \/><\/a><figcaption>Clicca<\/figcaption><\/figure>\n\n\n\n<p>Le fotografie notturne della Pozzanghera sono molto luminose, la Mobotix in certe condizioni di incertezza risolve il problema con soluzioni fantasiose.<\/p>\n\n\n\n<figure class=\"wp-block-image\"><a href=\"http:\/\/www.stefanome.it\/blog\/wp-content\/uploads\/2019\/01\/genova-190123-2100-lm.jpg\" target=\"_blank\" rel=\"noreferrer noopener\"><img loading=\"lazy\" decoding=\"async\" width=\"1024\" height=\"576\" src=\"http:\/\/www.stefanome.it\/blog\/wp-content\/uploads\/2019\/01\/genova-190123-2100-lm-1024x576.jpg\" alt=\"\" class=\"wp-image-16284\" srcset=\"http:\/\/www.stefanome.it\/blog\/wp-content\/uploads\/2019\/01\/genova-190123-2100-lm-1024x576.jpg 1024w, http:\/\/www.stefanome.it\/blog\/wp-content\/uploads\/2019\/01\/genova-190123-2100-lm-300x169.jpg 300w, http:\/\/www.stefanome.it\/blog\/wp-content\/uploads\/2019\/01\/genova-190123-2100-lm-768x432.jpg 768w, http:\/\/www.stefanome.it\/blog\/wp-content\/uploads\/2019\/01\/genova-190123-2100-lm.jpg 1200w\" sizes=\"auto, (max-width: 1024px) 100vw, 1024px\" \/><\/a><figcaption>Clicca<\/figcaption><\/figure>\n\n\n\n<p>E per concludere questa immagine della webcam val Polcevera.<\/p>\n","protected":false},"excerpt":{"rendered":"<p>Inevitabili. Ho salvato foto delle webcam e scattato foto con il telefono e con una digitale fino ad esaurire le batterie perch\u00e8, non so se si capisce, mi piace la neve. Questa nevicata di oggi su Genova era stata prevista &hellip; <a href=\"http:\/\/www.stefanome.it\/blog\/?p=16257\">Continue reading <span class=\"meta-nav\">&rarr;<\/span><\/a><\/p>\n","protected":false},"author":1,"featured_media":0,"comment_status":"open","ping_status":"open","sticky":false,"template":"","format":"standard","meta":{"footnotes":""},"categories":[1],"tags":[],"class_list":["post-16257","post","type-post","status-publish","format-standard","hentry","category-apc"],"_links":{"self":[{"href":"http:\/\/www.stefanome.it\/blog\/index.php?rest_route=\/wp\/v2\/posts\/16257","targetHints":{"allow":["GET"]}}],"collection":[{"href":"http:\/\/www.stefanome.it\/blog\/index.php?rest_route=\/wp\/v2\/posts"}],"about":[{"href":"http:\/\/www.stefanome.it\/blog\/index.php?rest_route=\/wp\/v2\/types\/post"}],"author":[{"embeddable":true,"href":"http:\/\/www.stefanome.it\/blog\/index.php?rest_route=\/wp\/v2\/users\/1"}],"replies":[{"embeddable":true,"href":"http:\/\/www.stefanome.it\/blog\/index.php?rest_route=%2Fwp%2Fv2%2Fcomments&post=16257"}],"version-history":[{"count":14,"href":"http:\/\/www.stefanome.it\/blog\/index.php?rest_route=\/wp\/v2\/posts\/16257\/revisions"}],"predecessor-version":[{"id":16285,"href":"http:\/\/www.stefanome.it\/blog\/index.php?rest_route=\/wp\/v2\/posts\/16257\/revisions\/16285"}],"wp:attachment":[{"href":"http:\/\/www.stefanome.it\/blog\/index.php?rest_route=%2Fwp%2Fv2%2Fmedia&parent=16257"}],"wp:term":[{"taxonomy":"category","embeddable":true,"href":"http:\/\/www.stefanome.it\/blog\/index.php?rest_route=%2Fwp%2Fv2%2Fcategories&post=16257"},{"taxonomy":"post_tag","embeddable":true,"href":"http:\/\/www.stefanome.it\/blog\/index.php?rest_route=%2Fwp%2Fv2%2Ftags&post=16257"}],"curies":[{"name":"wp","href":"https:\/\/api.w.org\/{rel}","templated":true}]}}