{"id":16213,"date":"2019-01-18T12:56:19","date_gmt":"2019-01-18T11:56:19","guid":{"rendered":"http:\/\/www.stefanome.it\/blog\/?p=16213"},"modified":"2019-01-18T12:56:19","modified_gmt":"2019-01-18T11:56:19","slug":"neve-si-no-forse","status":"publish","type":"post","link":"http:\/\/www.stefanome.it\/blog\/?p=16213","title":{"rendered":"Neve si, no, forse."},"content":{"rendered":"\n<p>Ci sono due linee di pensiero principali circa il tempo della prossima settimana, segnatamente Mercoled\u00ec 23 Gennaio 2019 . C&#8217;\u00e8 chi dice che nevicher\u00e0 a Basaluzzo ed a Genova con accumuli importanti, chi invece sostiene che il cielo in questi posti rester\u00e0 abbastanza sgombro da nuvole. In mezzo a questi c&#8217;\u00e8 la scuola del forse, ossia sar\u00e0 medio piovoso con neve ben sopra, nelle colline pi\u00f9 alte.<\/p>\n\n\n\n<p>Io spero nella neve, a mucchi, a decine di centimetri, ovunque, in modo che ricopra le brutture umane e porti un po&#8217; di silenzio nella citt\u00e0 dove mancano tante cose, ma non il rumore. Sulle previsioni sono incerto, insomma \u00e8 un po&#8217; presto, so solo che fino a Marted\u00ec non dovrebbe piovere, o nevicare, o grandinare, graupeln o neve tonda, polpette e torta di riso.<\/p>\n\n\n\n<figure class=\"wp-block-image\"><img loading=\"lazy\" decoding=\"async\" width=\"630\" height=\"473\" src=\"http:\/\/www.stefanome.it\/blog\/wp-content\/uploads\/2019\/01\/IMG_20190118_102529-modified.jpg\" alt=\"\" class=\"wp-image-16214\" srcset=\"http:\/\/www.stefanome.it\/blog\/wp-content\/uploads\/2019\/01\/IMG_20190118_102529-modified.jpg 630w, http:\/\/www.stefanome.it\/blog\/wp-content\/uploads\/2019\/01\/IMG_20190118_102529-modified-300x225.jpg 300w\" sizes=\"auto, (max-width: 630px) 100vw, 630px\" \/><figcaption>Ecco una solita immagine come cento altre, pessima qualit\u00e0 e soggetto banale.<\/figcaption><\/figure>\n\n\n\n<figure class=\"wp-block-image\"><img loading=\"lazy\" decoding=\"async\" width=\"630\" height=\"473\" src=\"http:\/\/www.stefanome.it\/blog\/wp-content\/uploads\/2019\/01\/IMG_20190118_115251-modified.jpg\" alt=\"\" class=\"wp-image-16215\" srcset=\"http:\/\/www.stefanome.it\/blog\/wp-content\/uploads\/2019\/01\/IMG_20190118_115251-modified.jpg 630w, http:\/\/www.stefanome.it\/blog\/wp-content\/uploads\/2019\/01\/IMG_20190118_115251-modified-300x225.jpg 300w\" sizes=\"auto, (max-width: 630px) 100vw, 630px\" \/><figcaption>Bau my ass.<\/figcaption><\/figure>\n\n\n\n<p>Ogni tanto compare un cane nuovo, come questo nella foto. E&#8217; giovane, non abbaia ed \u00e8 affettuoso, ho condiviso con lui un pezzo di focaccia. Annusa il suolo come se stesse seguendo una traccia, insomma deve avere del sangue di un cane da caccia, pi\u00f9 altre cose.<\/p>\n","protected":false},"excerpt":{"rendered":"<p>Ci sono due linee di pensiero principali circa il tempo della prossima settimana, segnatamente Mercoled\u00ec 23 Gennaio 2019 . C&#8217;\u00e8 chi dice che nevicher\u00e0 a Basaluzzo ed a Genova con accumuli importanti, chi invece sostiene che il cielo in questi &hellip; <a href=\"http:\/\/www.stefanome.it\/blog\/?p=16213\">Continue reading <span class=\"meta-nav\">&rarr;<\/span><\/a><\/p>\n","protected":false},"author":1,"featured_media":0,"comment_status":"open","ping_status":"open","sticky":false,"template":"","format":"standard","meta":{"footnotes":""},"categories":[1],"tags":[],"class_list":["post-16213","post","type-post","status-publish","format-standard","hentry","category-apc"],"_links":{"self":[{"href":"http:\/\/www.stefanome.it\/blog\/index.php?rest_route=\/wp\/v2\/posts\/16213","targetHints":{"allow":["GET"]}}],"collection":[{"href":"http:\/\/www.stefanome.it\/blog\/index.php?rest_route=\/wp\/v2\/posts"}],"about":[{"href":"http:\/\/www.stefanome.it\/blog\/index.php?rest_route=\/wp\/v2\/types\/post"}],"author":[{"embeddable":true,"href":"http:\/\/www.stefanome.it\/blog\/index.php?rest_route=\/wp\/v2\/users\/1"}],"replies":[{"embeddable":true,"href":"http:\/\/www.stefanome.it\/blog\/index.php?rest_route=%2Fwp%2Fv2%2Fcomments&post=16213"}],"version-history":[{"count":1,"href":"http:\/\/www.stefanome.it\/blog\/index.php?rest_route=\/wp\/v2\/posts\/16213\/revisions"}],"predecessor-version":[{"id":16216,"href":"http:\/\/www.stefanome.it\/blog\/index.php?rest_route=\/wp\/v2\/posts\/16213\/revisions\/16216"}],"wp:attachment":[{"href":"http:\/\/www.stefanome.it\/blog\/index.php?rest_route=%2Fwp%2Fv2%2Fmedia&parent=16213"}],"wp:term":[{"taxonomy":"category","embeddable":true,"href":"http:\/\/www.stefanome.it\/blog\/index.php?rest_route=%2Fwp%2Fv2%2Fcategories&post=16213"},{"taxonomy":"post_tag","embeddable":true,"href":"http:\/\/www.stefanome.it\/blog\/index.php?rest_route=%2Fwp%2Fv2%2Ftags&post=16213"}],"curies":[{"name":"wp","href":"https:\/\/api.w.org\/{rel}","templated":true}]}}