{"id":16184,"date":"2019-01-12T17:20:01","date_gmt":"2019-01-12T16:20:01","guid":{"rendered":"http:\/\/www.stefanome.it\/blog\/?p=16184"},"modified":"2019-01-12T17:20:01","modified_gmt":"2019-01-12T16:20:01","slug":"alta-pressione","status":"publish","type":"post","link":"http:\/\/www.stefanome.it\/blog\/?p=16184","title":{"rendered":"Alta Pressione"},"content":{"rendered":"\n<figure class=\"wp-block-image\"><a href=\"http:\/\/www.stefanome.it\/blog\/wp-content\/uploads\/2019\/01\/Lidocam_2019-01-12_164834.jpg\" target=\"_blank\" rel=\"noreferrer noopener\"><img loading=\"lazy\" decoding=\"async\" width=\"1024\" height=\"768\" src=\"http:\/\/www.stefanome.it\/blog\/wp-content\/uploads\/2019\/01\/Lidocam_2019-01-12_164834-1024x768.jpg\" alt=\"\" class=\"wp-image-16185\" srcset=\"http:\/\/www.stefanome.it\/blog\/wp-content\/uploads\/2019\/01\/Lidocam_2019-01-12_164834.jpg 1024w, http:\/\/www.stefanome.it\/blog\/wp-content\/uploads\/2019\/01\/Lidocam_2019-01-12_164834-300x225.jpg 300w, http:\/\/www.stefanome.it\/blog\/wp-content\/uploads\/2019\/01\/Lidocam_2019-01-12_164834-768x576.jpg 768w\" sizes=\"auto, (max-width: 1024px) 100vw, 1024px\" \/><\/a><figcaption>Clicca<\/figcaption><\/figure>\n\n\n\n<p>Bel tramonto con alta pressione e vento di caduta da nord.  Va avanti cos\u00ec da diversi giorni, non \u00e8 una situazione cos\u00ec anomala, ci sono stati molti periodi cos\u00ec negli anni &#8217;80, ma forse adesso se iniziassero ad entrare dei fronti da ovest sarebbe meglio, porterebbero neve anche sul versante meridionale delle Alpi. Comunque qualcosa dovevo pur scrivere.<\/p>\n\n\n\n<figure class=\"wp-block-image\"><a href=\"http:\/\/www.stefanome.it\/blog\/wp-content\/uploads\/2019\/01\/basa308-1.jpg\" target=\"_blank\" rel=\"noreferrer noopener\"><img loading=\"lazy\" decoding=\"async\" width=\"1024\" height=\"768\" src=\"http:\/\/www.stefanome.it\/blog\/wp-content\/uploads\/2019\/01\/basa308-1-1024x768.jpg\" alt=\"\" class=\"wp-image-16186\" srcset=\"http:\/\/www.stefanome.it\/blog\/wp-content\/uploads\/2019\/01\/basa308-1.jpg 1024w, http:\/\/www.stefanome.it\/blog\/wp-content\/uploads\/2019\/01\/basa308-1-300x225.jpg 300w, http:\/\/www.stefanome.it\/blog\/wp-content\/uploads\/2019\/01\/basa308-1-768x576.jpg 768w\" sizes=\"auto, (max-width: 1024px) 100vw, 1024px\" \/><\/a><figcaption>Clicca<\/figcaption><\/figure>\n","protected":false},"excerpt":{"rendered":"<p>Bel tramonto con alta pressione e vento di caduta da nord. Va avanti cos\u00ec da diversi giorni, non \u00e8 una situazione cos\u00ec anomala, ci sono stati molti periodi cos\u00ec negli anni &#8217;80, ma forse adesso se iniziassero ad entrare dei &hellip; <a href=\"http:\/\/www.stefanome.it\/blog\/?p=16184\">Continue reading <span class=\"meta-nav\">&rarr;<\/span><\/a><\/p>\n","protected":false},"author":1,"featured_media":0,"comment_status":"open","ping_status":"open","sticky":false,"template":"","format":"standard","meta":{"footnotes":""},"categories":[1],"tags":[],"class_list":["post-16184","post","type-post","status-publish","format-standard","hentry","category-apc"],"_links":{"self":[{"href":"http:\/\/www.stefanome.it\/blog\/index.php?rest_route=\/wp\/v2\/posts\/16184","targetHints":{"allow":["GET"]}}],"collection":[{"href":"http:\/\/www.stefanome.it\/blog\/index.php?rest_route=\/wp\/v2\/posts"}],"about":[{"href":"http:\/\/www.stefanome.it\/blog\/index.php?rest_route=\/wp\/v2\/types\/post"}],"author":[{"embeddable":true,"href":"http:\/\/www.stefanome.it\/blog\/index.php?rest_route=\/wp\/v2\/users\/1"}],"replies":[{"embeddable":true,"href":"http:\/\/www.stefanome.it\/blog\/index.php?rest_route=%2Fwp%2Fv2%2Fcomments&post=16184"}],"version-history":[{"count":1,"href":"http:\/\/www.stefanome.it\/blog\/index.php?rest_route=\/wp\/v2\/posts\/16184\/revisions"}],"predecessor-version":[{"id":16187,"href":"http:\/\/www.stefanome.it\/blog\/index.php?rest_route=\/wp\/v2\/posts\/16184\/revisions\/16187"}],"wp:attachment":[{"href":"http:\/\/www.stefanome.it\/blog\/index.php?rest_route=%2Fwp%2Fv2%2Fmedia&parent=16184"}],"wp:term":[{"taxonomy":"category","embeddable":true,"href":"http:\/\/www.stefanome.it\/blog\/index.php?rest_route=%2Fwp%2Fv2%2Fcategories&post=16184"},{"taxonomy":"post_tag","embeddable":true,"href":"http:\/\/www.stefanome.it\/blog\/index.php?rest_route=%2Fwp%2Fv2%2Ftags&post=16184"}],"curies":[{"name":"wp","href":"https:\/\/api.w.org\/{rel}","templated":true}]}}