{"id":15927,"date":"2018-11-21T20:21:24","date_gmt":"2018-11-21T19:21:24","guid":{"rendered":"http:\/\/www.stefanome.it\/blog\/?p=15927"},"modified":"2018-11-21T22:59:58","modified_gmt":"2018-11-21T21:59:58","slug":"bellissimo-clima-oggi","status":"publish","type":"post","link":"http:\/\/www.stefanome.it\/blog\/?p=15927","title":{"rendered":"Bellissimo clima oggi."},"content":{"rendered":"<p>Pioggia non forte ma insistente per quasi tutta la giornata, vento teso di tramontana e freddino.<\/p>\n<h4 style=\"text-align: center;\"><a href=\"http:\/\/www.stefanome.it\/blog\/wp-content\/uploads\/2018\/11\/lido14.jpg\"><img loading=\"lazy\" decoding=\"async\" class=\"aligncenter size-full wp-image-15929\" src=\"http:\/\/www.stefanome.it\/blog\/wp-content\/uploads\/2018\/11\/lido14.jpg\" alt=\"\" width=\"1024\" height=\"768\" srcset=\"http:\/\/www.stefanome.it\/blog\/wp-content\/uploads\/2018\/11\/lido14.jpg 1024w, http:\/\/www.stefanome.it\/blog\/wp-content\/uploads\/2018\/11\/lido14-300x225.jpg 300w, http:\/\/www.stefanome.it\/blog\/wp-content\/uploads\/2018\/11\/lido14-768x576.jpg 768w\" sizes=\"auto, (max-width: 1024px) 100vw, 1024px\" \/><\/a>Foto cliccabile<\/h4>\n<h4 style=\"text-align: center;\"><a href=\"http:\/\/www.stefanome.it\/blog\/wp-content\/uploads\/2018\/11\/basa315.jpg\"><img loading=\"lazy\" decoding=\"async\" class=\"aligncenter size-full wp-image-15930\" src=\"http:\/\/www.stefanome.it\/blog\/wp-content\/uploads\/2018\/11\/basa315.jpg\" alt=\"\" width=\"1024\" height=\"768\" srcset=\"http:\/\/www.stefanome.it\/blog\/wp-content\/uploads\/2018\/11\/basa315.jpg 1024w, http:\/\/www.stefanome.it\/blog\/wp-content\/uploads\/2018\/11\/basa315-300x225.jpg 300w, http:\/\/www.stefanome.it\/blog\/wp-content\/uploads\/2018\/11\/basa315-768x576.jpg 768w\" sizes=\"auto, (max-width: 1024px) 100vw, 1024px\" \/><\/a>Anche questa.<\/h4>\n<p>Questo tipo di tempo meteorologico mi piace, soprattutto in questa stagione. Anzi, prevalentemente in questa stagione perch\u00e8 \u00e8 cos\u00ec che deve essere.\u00a0 Oggi ho preso un po&#8217; di freddo in moto, ma ci sta. A proposito; mi domandavo, quelle beline quadre che tengono il piede fuori dalle pedane, perch\u00e8 oggi invece guidavano come si dovrebbe ? Perch\u00e8 si bagnerebbero quei cazzo di piedi, la moda si ferma dove iniziano le patologie da raffreddamento. Quante volte ho gi\u00e0 scritto questa robaccia da pochi soldi ? Moltissime. A Basaluzzo ci sono una carpa e Gastone che si aggirano fuori e dentro la Pozzanghera, tutto regolare.<\/p>\n<p><strong>E poi il tallone.<\/strong> Mi fa male, non tanto, ma talvolta \u00e8 fastidioso insomma sono andato dal podologo che sul referto ha scritto:<\/p>\n<div class='dropshadowboxes-container ' style='width:auto;'>\r\n                            <div class='dropshadowboxes-drop-shadow dropshadowboxes-rounded-corners dropshadowboxes-inside-and-outside-shadow dropshadowboxes-lifted-both dropshadowboxes-effect-default' style=' border: 1px solid #dddddd; height:; background-color:#ffffff;    '>\r\n                            Tallodinia plantare saltuaria. Alieo RPV trilout (con pramazione e valgo + accentreabo a dx esito leviare s.c. TTP) Aluice rigiolo tenziale (non MTT dl centriales)\r\n                            <\/div>\r\n                        <\/div>\n<p>Devo dotarmi di plantare. Ho una superscazzora brematurata e devo indossare un plantare altrimenti finir\u00f2 per appoggiare il peso sulle adenoidi, questo \u00e8 chiaro.<\/p>\n<p>Nella descrizione ad uso del tipo che mi far\u00e0 il plantare leggo, in ordine sparso:<\/p>\n<ul>\n<li>Bagu Hilat<\/li>\n<li>Centa tale<\/li>\n<li>Enpola lucoliale bassa<\/li>\n<li>E prdleuugabe + scancane<\/li>\n<\/ul>\n<p>Che potrebbe corrispondere ad un plantare-tacco da 12 infilato nel culo per migliorare la mia postura, oggi pesantemente inficiata da un Sanacacca-neare.<\/p>\n","protected":false},"excerpt":{"rendered":"<p>Pioggia non forte ma insistente per quasi tutta la giornata, vento teso di tramontana e freddino. Foto cliccabile Anche questa. Questo tipo di tempo meteorologico mi piace, soprattutto in questa stagione. Anzi, prevalentemente in questa stagione perch\u00e8 \u00e8 cos\u00ec che &hellip; <a href=\"http:\/\/www.stefanome.it\/blog\/?p=15927\">Continue reading <span class=\"meta-nav\">&rarr;<\/span><\/a><\/p>\n","protected":false},"author":1,"featured_media":0,"comment_status":"open","ping_status":"open","sticky":false,"template":"","format":"standard","meta":{"footnotes":""},"categories":[1],"tags":[],"class_list":["post-15927","post","type-post","status-publish","format-standard","hentry","category-apc"],"_links":{"self":[{"href":"http:\/\/www.stefanome.it\/blog\/index.php?rest_route=\/wp\/v2\/posts\/15927","targetHints":{"allow":["GET"]}}],"collection":[{"href":"http:\/\/www.stefanome.it\/blog\/index.php?rest_route=\/wp\/v2\/posts"}],"about":[{"href":"http:\/\/www.stefanome.it\/blog\/index.php?rest_route=\/wp\/v2\/types\/post"}],"author":[{"embeddable":true,"href":"http:\/\/www.stefanome.it\/blog\/index.php?rest_route=\/wp\/v2\/users\/1"}],"replies":[{"embeddable":true,"href":"http:\/\/www.stefanome.it\/blog\/index.php?rest_route=%2Fwp%2Fv2%2Fcomments&post=15927"}],"version-history":[{"count":6,"href":"http:\/\/www.stefanome.it\/blog\/index.php?rest_route=\/wp\/v2\/posts\/15927\/revisions"}],"predecessor-version":[{"id":15935,"href":"http:\/\/www.stefanome.it\/blog\/index.php?rest_route=\/wp\/v2\/posts\/15927\/revisions\/15935"}],"wp:attachment":[{"href":"http:\/\/www.stefanome.it\/blog\/index.php?rest_route=%2Fwp%2Fv2%2Fmedia&parent=15927"}],"wp:term":[{"taxonomy":"category","embeddable":true,"href":"http:\/\/www.stefanome.it\/blog\/index.php?rest_route=%2Fwp%2Fv2%2Fcategories&post=15927"},{"taxonomy":"post_tag","embeddable":true,"href":"http:\/\/www.stefanome.it\/blog\/index.php?rest_route=%2Fwp%2Fv2%2Ftags&post=15927"}],"curies":[{"name":"wp","href":"https:\/\/api.w.org\/{rel}","templated":true}]}}