{"id":15912,"date":"2018-11-19T09:41:30","date_gmt":"2018-11-19T08:41:30","guid":{"rendered":"http:\/\/www.stefanome.it\/blog\/?p=15912"},"modified":"2018-11-19T09:41:30","modified_gmt":"2018-11-19T08:41:30","slug":"prima-brina","status":"publish","type":"post","link":"http:\/\/www.stefanome.it\/blog\/?p=15912","title":{"rendered":"Prima Brina."},"content":{"rendered":"<p>Non \u00e8 affatto un evento eccezionale, anzi \u00e8 nella norma. Lo segnalo egualmente perch\u00e8 con i tempi che corrono il rischio \u00e8 di avere zanzare per 12 mesi all&#8217;anno. Sento gi\u00e0 le lamentele di milioni di piemontesi e liguri che sostengono che fa un freddo eccezionale, polare, artico.<\/p>\n<p>&nbsp;<\/p>\n<p><img loading=\"lazy\" decoding=\"async\" class=\"aligncenter size-full wp-image-15913\" src=\"http:\/\/www.stefanome.it\/blog\/wp-content\/uploads\/2018\/11\/basa08.jpg\" alt=\"\" width=\"640\" height=\"480\" srcset=\"http:\/\/www.stefanome.it\/blog\/wp-content\/uploads\/2018\/11\/basa08.jpg 640w, http:\/\/www.stefanome.it\/blog\/wp-content\/uploads\/2018\/11\/basa08-300x225.jpg 300w\" sizes=\"auto, (max-width: 640px) 100vw, 640px\" \/><\/p>\n<p>Ed invece il freddo in questa stagione \u00e8 un&#8217;ottima cosa. I modelli intanto hanno ritrattato e tolto la neve per Marted\u00ec.<\/p>\n<p>Se questo blog \u00e8 attivo da 5 anni, questa \u00e8 la sesta volta che scrivo queste cose, pari pari.<\/p>\n<p><img loading=\"lazy\" decoding=\"async\" class=\"aligncenter size-full wp-image-15916\" src=\"http:\/\/www.stefanome.it\/blog\/wp-content\/uploads\/2018\/11\/TERMAmeno3.png\" alt=\"\" width=\"640\" height=\"480\" srcset=\"http:\/\/www.stefanome.it\/blog\/wp-content\/uploads\/2018\/11\/TERMAmeno3.png 640w, http:\/\/www.stefanome.it\/blog\/wp-content\/uploads\/2018\/11\/TERMAmeno3-300x225.png 300w\" sizes=\"auto, (max-width: 640px) 100vw, 640px\" \/><\/p>\n<p>&nbsp;<\/p>\n<p>Ho incontrato una persona che conosco da diverso tempo anche se non ci frequentiamo regolarmente, con la quale \u00e8 venuto fuori il discorso delle sequoie. Mi ha confessato di aver introdotto illegalmente in Italia una decina di Sequoie di Wellington dal Nord America, in un modo ben pi\u00f9 fantasioso che il mio. Un appassionato; non lo sapevo. Tu conosci una persona con la quale parli a vanvera di politica, figa, sport, automobili ed altre cazzate e poi casualmente scopri di avere qualcosa in comune. Mi ha anche detto che c&#8217;\u00e8 un vivaio che conduce una vita normale da vivaio ma che spaccia sequoie. Il titolare non dice nulla ma in gran segreto custodisce qualche esemplare che da solo a persone fidate. So dove si trova, un giorno mi metto una parrucca, baffi e barba posticcia. Arrivo guidando il furgone e leggendo il giornale con due buchi per non farmi notare. Mi riempo le guance di cotone per falsificare la voce e poi gli chiedo se ha delle sequoie. Vediamo come va a finire.<\/p>\n","protected":false},"excerpt":{"rendered":"<p>Non \u00e8 affatto un evento eccezionale, anzi \u00e8 nella norma. Lo segnalo egualmente perch\u00e8 con i tempi che corrono il rischio \u00e8 di avere zanzare per 12 mesi all&#8217;anno. Sento gi\u00e0 le lamentele di milioni di piemontesi e liguri che &hellip; <a href=\"http:\/\/www.stefanome.it\/blog\/?p=15912\">Continue reading <span class=\"meta-nav\">&rarr;<\/span><\/a><\/p>\n","protected":false},"author":1,"featured_media":0,"comment_status":"open","ping_status":"open","sticky":false,"template":"","format":"standard","meta":{"footnotes":""},"categories":[1],"tags":[],"class_list":["post-15912","post","type-post","status-publish","format-standard","hentry","category-apc"],"_links":{"self":[{"href":"http:\/\/www.stefanome.it\/blog\/index.php?rest_route=\/wp\/v2\/posts\/15912","targetHints":{"allow":["GET"]}}],"collection":[{"href":"http:\/\/www.stefanome.it\/blog\/index.php?rest_route=\/wp\/v2\/posts"}],"about":[{"href":"http:\/\/www.stefanome.it\/blog\/index.php?rest_route=\/wp\/v2\/types\/post"}],"author":[{"embeddable":true,"href":"http:\/\/www.stefanome.it\/blog\/index.php?rest_route=\/wp\/v2\/users\/1"}],"replies":[{"embeddable":true,"href":"http:\/\/www.stefanome.it\/blog\/index.php?rest_route=%2Fwp%2Fv2%2Fcomments&post=15912"}],"version-history":[{"count":1,"href":"http:\/\/www.stefanome.it\/blog\/index.php?rest_route=\/wp\/v2\/posts\/15912\/revisions"}],"predecessor-version":[{"id":15917,"href":"http:\/\/www.stefanome.it\/blog\/index.php?rest_route=\/wp\/v2\/posts\/15912\/revisions\/15917"}],"wp:attachment":[{"href":"http:\/\/www.stefanome.it\/blog\/index.php?rest_route=%2Fwp%2Fv2%2Fmedia&parent=15912"}],"wp:term":[{"taxonomy":"category","embeddable":true,"href":"http:\/\/www.stefanome.it\/blog\/index.php?rest_route=%2Fwp%2Fv2%2Fcategories&post=15912"},{"taxonomy":"post_tag","embeddable":true,"href":"http:\/\/www.stefanome.it\/blog\/index.php?rest_route=%2Fwp%2Fv2%2Ftags&post=15912"}],"curies":[{"name":"wp","href":"https:\/\/api.w.org\/{rel}","templated":true}]}}