{"id":15904,"date":"2018-11-18T19:19:45","date_gmt":"2018-11-18T18:19:45","guid":{"rendered":"http:\/\/www.stefanome.it\/blog\/?p=15904"},"modified":"2018-11-18T19:21:55","modified_gmt":"2018-11-18T18:21:55","slug":"prima-spolverata","status":"publish","type":"post","link":"http:\/\/www.stefanome.it\/blog\/?p=15904","title":{"rendered":"Prima spolverata ?"},"content":{"rendered":"<p><img loading=\"lazy\" decoding=\"async\" class=\"aligncenter size-full wp-image-15905\" src=\"http:\/\/www.stefanome.it\/blog\/wp-content\/uploads\/2018\/11\/snow6hz2_web_10.png\" alt=\"\" width=\"751\" height=\"580\" srcset=\"http:\/\/www.stefanome.it\/blog\/wp-content\/uploads\/2018\/11\/snow6hz2_web_10.png 751w, http:\/\/www.stefanome.it\/blog\/wp-content\/uploads\/2018\/11\/snow6hz2_web_10-300x232.png 300w\" sizes=\"auto, (max-width: 751px) 100vw, 751px\" \/><\/p>\n<p><strong>Non ci credo.<\/strong> Nonostante alcuni modelli ne vedano intorno ai 5-7 centimetri nella notte tra luned\u00ec e marted\u00ec, io sono scettico perch\u00e8 \u00e8 troppo estemporanea e determinata da un cuscinetto freddo troppo debole perch\u00e8 la precipitazione nasca e soprattutto resti neve fino a toccare il suolo di Basaluzzo. <strong>Tra l&#8217;altro neppure ci spero,<\/strong> su molti alberi ci sono ancore tante foglie e la neve sulla foglia fa danni agli alberi e poi, secondo tradizione, quando nevica sulla foglia non nevica pi\u00f9 per mesi.<\/p>\n<p>Due princ\u00ecpi fondamentali a memoria dei pi\u00f9 disinformati:<\/p>\n<ul>\n<li>Se una precipitazione nasce come pioggia, non pu\u00f2 trasformarsi in neve, neppure se la temperatura al suolo \u00e8 molto al di sotto dello zero. In questo caso si forma un gelicidio o grandine, a seconda delle condizioni.<\/li>\n<li>Se una precipitazione nasce neve si pu\u00f2 trasformare in graupeln, neve tonda. Oppure ovviamente pioggia, nevischio, neve mista a pioggia.<\/li>\n<li>Chi sostiene il contrario sbaglia (AKA non capisce un cazzo)<\/li>\n<\/ul>\n<p><strong>Ed ora tre ulteriori inutilit\u00e0.<\/strong><\/p>\n<p><img loading=\"lazy\" decoding=\"async\" class=\"aligncenter size-full wp-image-15906\" src=\"http:\/\/www.stefanome.it\/blog\/wp-content\/uploads\/2018\/11\/IMG_20181115_231554.jpg\" alt=\"\" width=\"630\" height=\"472\" srcset=\"http:\/\/www.stefanome.it\/blog\/wp-content\/uploads\/2018\/11\/IMG_20181115_231554.jpg 630w, http:\/\/www.stefanome.it\/blog\/wp-content\/uploads\/2018\/11\/IMG_20181115_231554-300x225.jpg 300w\" sizes=\"auto, (max-width: 630px) 100vw, 630px\" \/><\/p>\n<p>Orribile foto del porticciolo con la Lanterna e la luna. Avessi avuto una macchina fotografica vera, la luna era spettacolare, ma cos\u00ec non si vede un accidenti.<\/p>\n<p><img loading=\"lazy\" decoding=\"async\" class=\"aligncenter size-full wp-image-15907\" src=\"http:\/\/www.stefanome.it\/blog\/wp-content\/uploads\/2018\/11\/IMG_20181116_224218.jpg\" alt=\"\" width=\"630\" height=\"408\" srcset=\"http:\/\/www.stefanome.it\/blog\/wp-content\/uploads\/2018\/11\/IMG_20181116_224218.jpg 630w, http:\/\/www.stefanome.it\/blog\/wp-content\/uploads\/2018\/11\/IMG_20181116_224218-300x194.jpg 300w\" sizes=\"auto, (max-width: 630px) 100vw, 630px\" \/><\/p>\n<p>Serata di beneficienza. I cinque ballerini, gruppo &#8220;I Discopatici&#8221; sono miei coetanei ex Baistrocchi. Per chi sa cosa tutto ci\u00f2 vuol dire.<\/p>\n<p><img loading=\"lazy\" decoding=\"async\" class=\"aligncenter size-full wp-image-15908\" src=\"http:\/\/www.stefanome.it\/blog\/wp-content\/uploads\/2018\/11\/IMG_20181117_120735.jpg\" alt=\"\" width=\"620\" height=\"465\" srcset=\"http:\/\/www.stefanome.it\/blog\/wp-content\/uploads\/2018\/11\/IMG_20181117_120735.jpg 620w, http:\/\/www.stefanome.it\/blog\/wp-content\/uploads\/2018\/11\/IMG_20181117_120735-300x225.jpg 300w\" sizes=\"auto, (max-width: 620px) 100vw, 620px\" \/><\/p>\n<p>Basaluzzo. Non me ne ero ancora accorto, la bufera ha piegato un cedro piemontese. Adesso l&#8217;ho raddrizzato con un tutore, spero che non patisca la perdita di una parte di radici e che non si pieghi di nuovo.<\/p>\n","protected":false},"excerpt":{"rendered":"<p>Non ci credo. Nonostante alcuni modelli ne vedano intorno ai 5-7 centimetri nella notte tra luned\u00ec e marted\u00ec, io sono scettico perch\u00e8 \u00e8 troppo estemporanea e determinata da un cuscinetto freddo troppo debole perch\u00e8 la precipitazione nasca e soprattutto resti &hellip; <a href=\"http:\/\/www.stefanome.it\/blog\/?p=15904\">Continue reading <span class=\"meta-nav\">&rarr;<\/span><\/a><\/p>\n","protected":false},"author":1,"featured_media":0,"comment_status":"open","ping_status":"open","sticky":false,"template":"","format":"standard","meta":{"footnotes":""},"categories":[1],"tags":[],"class_list":["post-15904","post","type-post","status-publish","format-standard","hentry","category-apc"],"_links":{"self":[{"href":"http:\/\/www.stefanome.it\/blog\/index.php?rest_route=\/wp\/v2\/posts\/15904","targetHints":{"allow":["GET"]}}],"collection":[{"href":"http:\/\/www.stefanome.it\/blog\/index.php?rest_route=\/wp\/v2\/posts"}],"about":[{"href":"http:\/\/www.stefanome.it\/blog\/index.php?rest_route=\/wp\/v2\/types\/post"}],"author":[{"embeddable":true,"href":"http:\/\/www.stefanome.it\/blog\/index.php?rest_route=\/wp\/v2\/users\/1"}],"replies":[{"embeddable":true,"href":"http:\/\/www.stefanome.it\/blog\/index.php?rest_route=%2Fwp%2Fv2%2Fcomments&post=15904"}],"version-history":[{"count":2,"href":"http:\/\/www.stefanome.it\/blog\/index.php?rest_route=\/wp\/v2\/posts\/15904\/revisions"}],"predecessor-version":[{"id":15910,"href":"http:\/\/www.stefanome.it\/blog\/index.php?rest_route=\/wp\/v2\/posts\/15904\/revisions\/15910"}],"wp:attachment":[{"href":"http:\/\/www.stefanome.it\/blog\/index.php?rest_route=%2Fwp%2Fv2%2Fmedia&parent=15904"}],"wp:term":[{"taxonomy":"category","embeddable":true,"href":"http:\/\/www.stefanome.it\/blog\/index.php?rest_route=%2Fwp%2Fv2%2Fcategories&post=15904"},{"taxonomy":"post_tag","embeddable":true,"href":"http:\/\/www.stefanome.it\/blog\/index.php?rest_route=%2Fwp%2Fv2%2Ftags&post=15904"}],"curies":[{"name":"wp","href":"https:\/\/api.w.org\/{rel}","templated":true}]}}