{"id":15900,"date":"2018-11-17T20:09:41","date_gmt":"2018-11-17T19:09:41","guid":{"rendered":"http:\/\/www.stefanome.it\/blog\/?p=15900"},"modified":"2018-11-17T20:09:41","modified_gmt":"2018-11-17T19:09:41","slug":"passato-di-verdura","status":"publish","type":"post","link":"http:\/\/www.stefanome.it\/blog\/?p=15900","title":{"rendered":"Passato di verdura"},"content":{"rendered":"<p><img loading=\"lazy\" decoding=\"async\" class=\"aligncenter size-full wp-image-15901\" src=\"http:\/\/www.stefanome.it\/blog\/wp-content\/uploads\/2018\/11\/minestrone.jpg\" alt=\"\" width=\"727\" height=\"484\" srcset=\"http:\/\/www.stefanome.it\/blog\/wp-content\/uploads\/2018\/11\/minestrone.jpg 727w, http:\/\/www.stefanome.it\/blog\/wp-content\/uploads\/2018\/11\/minestrone-300x200.jpg 300w\" sizes=\"auto, (max-width: 727px) 100vw, 727px\" \/><\/p>\n<p>Le immagini notturne della basacam 2 mostrano un minestrone con diverse percentuali di carote, verza e spinaci.<\/p>\n<p><img loading=\"lazy\" decoding=\"async\" class=\"aligncenter size-full wp-image-15902\" src=\"http:\/\/www.stefanome.it\/blog\/wp-content\/uploads\/2018\/11\/bas2_02.jpg\" alt=\"\" width=\"1280\" height=\"960\" srcset=\"http:\/\/www.stefanome.it\/blog\/wp-content\/uploads\/2018\/11\/bas2_02.jpg 1280w, http:\/\/www.stefanome.it\/blog\/wp-content\/uploads\/2018\/11\/bas2_02-300x225.jpg 300w, http:\/\/www.stefanome.it\/blog\/wp-content\/uploads\/2018\/11\/bas2_02-768x576.jpg 768w, http:\/\/www.stefanome.it\/blog\/wp-content\/uploads\/2018\/11\/bas2_02-1024x768.jpg 1024w\" sizes=\"auto, (max-width: 1280px) 100vw, 1280px\" \/><\/p>\n<p>Questa di sopra \u00e8 l&#8217;immagine delle 2 del mattino. Spero non sia l&#8217;inizio della fine, come successe per la righicam 2 che and\u00f2 in modalit\u00e0 pop-Andy Warhol per un paio di giorni e poi smise di funzionare.<\/p>\n","protected":false},"excerpt":{"rendered":"<p>Le immagini notturne della basacam 2 mostrano un minestrone con diverse percentuali di carote, verza e spinaci. Questa di sopra \u00e8 l&#8217;immagine delle 2 del mattino. Spero non sia l&#8217;inizio della fine, come successe per la righicam 2 che and\u00f2 &hellip; <a href=\"http:\/\/www.stefanome.it\/blog\/?p=15900\">Continue reading <span class=\"meta-nav\">&rarr;<\/span><\/a><\/p>\n","protected":false},"author":1,"featured_media":0,"comment_status":"open","ping_status":"open","sticky":false,"template":"","format":"standard","meta":{"footnotes":""},"categories":[1],"tags":[],"class_list":["post-15900","post","type-post","status-publish","format-standard","hentry","category-apc"],"_links":{"self":[{"href":"http:\/\/www.stefanome.it\/blog\/index.php?rest_route=\/wp\/v2\/posts\/15900","targetHints":{"allow":["GET"]}}],"collection":[{"href":"http:\/\/www.stefanome.it\/blog\/index.php?rest_route=\/wp\/v2\/posts"}],"about":[{"href":"http:\/\/www.stefanome.it\/blog\/index.php?rest_route=\/wp\/v2\/types\/post"}],"author":[{"embeddable":true,"href":"http:\/\/www.stefanome.it\/blog\/index.php?rest_route=\/wp\/v2\/users\/1"}],"replies":[{"embeddable":true,"href":"http:\/\/www.stefanome.it\/blog\/index.php?rest_route=%2Fwp%2Fv2%2Fcomments&post=15900"}],"version-history":[{"count":1,"href":"http:\/\/www.stefanome.it\/blog\/index.php?rest_route=\/wp\/v2\/posts\/15900\/revisions"}],"predecessor-version":[{"id":15903,"href":"http:\/\/www.stefanome.it\/blog\/index.php?rest_route=\/wp\/v2\/posts\/15900\/revisions\/15903"}],"wp:attachment":[{"href":"http:\/\/www.stefanome.it\/blog\/index.php?rest_route=%2Fwp%2Fv2%2Fmedia&parent=15900"}],"wp:term":[{"taxonomy":"category","embeddable":true,"href":"http:\/\/www.stefanome.it\/blog\/index.php?rest_route=%2Fwp%2Fv2%2Fcategories&post=15900"},{"taxonomy":"post_tag","embeddable":true,"href":"http:\/\/www.stefanome.it\/blog\/index.php?rest_route=%2Fwp%2Fv2%2Ftags&post=15900"}],"curies":[{"name":"wp","href":"https:\/\/api.w.org\/{rel}","templated":true}]}}