{"id":15732,"date":"2018-10-24T19:41:01","date_gmt":"2018-10-24T18:41:01","guid":{"rendered":"http:\/\/www.stefanome.it\/blog\/?p=15732"},"modified":"2018-10-24T20:03:09","modified_gmt":"2018-10-24T19:03:09","slug":"due-citroni-pelosi","status":"publish","type":"post","link":"http:\/\/www.stefanome.it\/blog\/?p=15732","title":{"rendered":"Due Citroni Pelosi."},"content":{"rendered":"<p><a href=\"http:\/\/www.stefanome.it\/blog\/wp-content\/uploads\/2018\/10\/currentb3-8.jpg\" target=\"_blank\" rel=\"noopener\"><img loading=\"lazy\" decoding=\"async\" class=\"aligncenter wp-image-15733 size-full\" src=\"http:\/\/www.stefanome.it\/blog\/wp-content\/uploads\/2018\/10\/currentb3-8.jpg\" alt=\"\" width=\"1024\" height=\"768\" srcset=\"http:\/\/www.stefanome.it\/blog\/wp-content\/uploads\/2018\/10\/currentb3-8.jpg 1024w, http:\/\/www.stefanome.it\/blog\/wp-content\/uploads\/2018\/10\/currentb3-8-300x225.jpg 300w, http:\/\/www.stefanome.it\/blog\/wp-content\/uploads\/2018\/10\/currentb3-8-768x576.jpg 768w\" sizes=\"auto, (max-width: 1024px) 100vw, 1024px\" \/><\/a><\/p>\n<p><a href=\"http:\/\/www.stefanome.it\/blog\/wp-content\/uploads\/2018\/10\/lido18.jpg\" target=\"_blank\" rel=\"noopener\"><img loading=\"lazy\" decoding=\"async\" class=\"aligncenter wp-image-15734 size-full\" src=\"http:\/\/www.stefanome.it\/blog\/wp-content\/uploads\/2018\/10\/lido18.jpg\" alt=\"\" width=\"1024\" height=\"768\" srcset=\"http:\/\/www.stefanome.it\/blog\/wp-content\/uploads\/2018\/10\/lido18.jpg 1024w, http:\/\/www.stefanome.it\/blog\/wp-content\/uploads\/2018\/10\/lido18-300x225.jpg 300w, http:\/\/www.stefanome.it\/blog\/wp-content\/uploads\/2018\/10\/lido18-768x576.jpg 768w\" sizes=\"auto, (max-width: 1024px) 100vw, 1024px\" \/><\/a><\/p>\n<p>Entrambe le immagini sono cliccabili per avere una foto pi\u00f9 sgranata e sostanzialmente pi\u00f9 brutta. Il titolo \u00e8 banale ma se avessi detto Due Citroni Pelosi sarebbe stato peggio, dunque mantengo il titolo delle Due Foto Serali. Forse.<\/p>\n<p><strong>E per la serie Sticazzi al cubo.<\/strong> Sono giorni che accuso i miei interlocutori telefonici di essere in posti dove non prendono il segnale, di avere interferenze cosmiche, gravi problemi di udito, telefoni obsoleti, macchinazioni nei mie confronti. Mi dicono che sarebbe colpa mia, ma ho sempre respinto le accuse perch\u00e8 il mio telefono ha meno di due anni, \u00e8 bellissimo con la sua cover trasparente e suscita le invidie di chi lo vede. Oggi per\u00f2 sono stato accusato da qualcuno che mi ha provato che il suo telefono funziona bene, e mi \u00e8 venuto in mente che qualche giorno fa ho piegato il telefono, ed il microfono \u00e8 proprio nella zona del telefono che si \u00e8 piegata. Pertanto temo che il mio telefono cellulare sia da sostituire. Devo salvare la rubrica, le foto, poi gestire le due SIM, i server di posta, google salcazzo, le app con le quali faccio un sacco di cose talvolta anche utili. E poi il nuovo telefono avr\u00e0 tutta una serie di funzioni nuove, dovr\u00f2 abituarmi ad usare chiss\u00e0 quali meccanismi. Ma ormai chi mi parla sente solo le mie vocali o solo me mie consonanti, mai insieme, in pi\u00f9 il\u00a0 mio udito sta precipitando e tutto il resto.<\/p>\n<p>Due giorni fa, teleconferenza. Si, \u00e8 meglio che dover fare ore di automobile, per\u00f2 non sentivo un cazzo. Uno dei miei interlocutori sembrava alla guida di un Apecar ed un altro sembrava in un tunnel del vento. Era un coro di &#8220;pronto-pronto&#8221; e cosa, non ho capito, ripeti, ci sei ancora e via dicendo. Silenzi e rumori di fondo, fruscii. Forse ho acquistato una nave da carico, forse uno scatolone di kleenex, forse 20 metri cubi di segatura, oppure ho comperato tutto il quartiere, prenotato un cambio di sesso, promesso di diventare vegano. Prima o poi potrebbe arrivarmi una fattura o chiss\u00e0 cosa ed allora decider\u00f2 di rifiutarmi di fare teleconferenze dicendo che sono vecchio e non sento una sega.<\/p>\n","protected":false},"excerpt":{"rendered":"<p>Entrambe le immagini sono cliccabili per avere una foto pi\u00f9 sgranata e sostanzialmente pi\u00f9 brutta. Il titolo \u00e8 banale ma se avessi detto Due Citroni Pelosi sarebbe stato peggio, dunque mantengo il titolo delle Due Foto Serali. Forse. E per &hellip; <a href=\"http:\/\/www.stefanome.it\/blog\/?p=15732\">Continue reading <span class=\"meta-nav\">&rarr;<\/span><\/a><\/p>\n","protected":false},"author":1,"featured_media":0,"comment_status":"open","ping_status":"open","sticky":false,"template":"","format":"standard","meta":{"footnotes":""},"categories":[1],"tags":[],"class_list":["post-15732","post","type-post","status-publish","format-standard","hentry","category-apc"],"_links":{"self":[{"href":"http:\/\/www.stefanome.it\/blog\/index.php?rest_route=\/wp\/v2\/posts\/15732","targetHints":{"allow":["GET"]}}],"collection":[{"href":"http:\/\/www.stefanome.it\/blog\/index.php?rest_route=\/wp\/v2\/posts"}],"about":[{"href":"http:\/\/www.stefanome.it\/blog\/index.php?rest_route=\/wp\/v2\/types\/post"}],"author":[{"embeddable":true,"href":"http:\/\/www.stefanome.it\/blog\/index.php?rest_route=\/wp\/v2\/users\/1"}],"replies":[{"embeddable":true,"href":"http:\/\/www.stefanome.it\/blog\/index.php?rest_route=%2Fwp%2Fv2%2Fcomments&post=15732"}],"version-history":[{"count":3,"href":"http:\/\/www.stefanome.it\/blog\/index.php?rest_route=\/wp\/v2\/posts\/15732\/revisions"}],"predecessor-version":[{"id":15737,"href":"http:\/\/www.stefanome.it\/blog\/index.php?rest_route=\/wp\/v2\/posts\/15732\/revisions\/15737"}],"wp:attachment":[{"href":"http:\/\/www.stefanome.it\/blog\/index.php?rest_route=%2Fwp%2Fv2%2Fmedia&parent=15732"}],"wp:term":[{"taxonomy":"category","embeddable":true,"href":"http:\/\/www.stefanome.it\/blog\/index.php?rest_route=%2Fwp%2Fv2%2Fcategories&post=15732"},{"taxonomy":"post_tag","embeddable":true,"href":"http:\/\/www.stefanome.it\/blog\/index.php?rest_route=%2Fwp%2Fv2%2Ftags&post=15732"}],"curies":[{"name":"wp","href":"https:\/\/api.w.org\/{rel}","templated":true}]}}