{"id":15572,"date":"2018-09-27T06:10:51","date_gmt":"2018-09-27T05:10:51","guid":{"rendered":"http:\/\/www.stefanome.it\/blog\/?p=15572"},"modified":"2018-09-27T07:50:16","modified_gmt":"2018-09-27T06:50:16","slug":"calata-e-calata","status":"publish","type":"post","link":"http:\/\/www.stefanome.it\/blog\/?p=15572","title":{"rendered":"Calata, \u00e8 calata."},"content":{"rendered":"<p><img loading=\"lazy\" decoding=\"async\" class=\"aligncenter size-full wp-image-15573\" src=\"http:\/\/www.stefanome.it\/blog\/wp-content\/uploads\/2018\/09\/TERMA212-1.png\" alt=\"\" width=\"640\" height=\"480\" srcset=\"http:\/\/www.stefanome.it\/blog\/wp-content\/uploads\/2018\/09\/TERMA212-1.png 640w, http:\/\/www.stefanome.it\/blog\/wp-content\/uploads\/2018\/09\/TERMA212-1-300x225.png 300w\" sizes=\"auto, (max-width: 640px) 100vw, 640px\" \/><\/p>\n<p>Da +30\/15\u00b0 a +18\u00b0\/+4\u00b0. Circa 11 gradi in meno in poco pi\u00f9 di 48 ore. Finalmente, meno zanzare e meno vespe. La pioggi\u00e0 \u00e8 ancora latitante anche nelle previsioni a medio termine, ma non si pu\u00f2 avere tutto.<\/p>\n<p>Due sere fa sono stato ad una cena di quasi lavoro. Eravano in piedi con il bicchiere a fare commenti del cazzo su argomenti inutili dei quali ci fregava meno di un piccocazzo, una persona in fronte a me ha citato T.S. Eliot, io l&#8217;ho fissato negli occhi con lo sguardo severo e mi \u00e8 uscito, dal cuore ma soprattutto dalla bocca &#8220;&#8230;T.S. Eliot e le storie tese&#8221;. Non ha battuto ciglio. Ha sicuramente sentito, ma probabilmente non conosce la fattispecie, avr\u00e0 pensato che io abbia detto una cosa incomprensibile. A ripensarci, forse sarebbe stato pi\u00f9 corretto dire &#8220;Eliot e le storie Teset&#8221; ma meglio aver lasciato il nome originale per non togliere contrasto e dinamicit\u00e0 alla battuta.<\/p>\n<p>Poi ho ridacchiato come un cretino tutta la sera.<\/p>\n<p><strong>Ed ora questo.<\/strong><\/p>\n<p><img loading=\"lazy\" decoding=\"async\" class=\"aligncenter size-full wp-image-15576\" src=\"http:\/\/www.stefanome.it\/blog\/wp-content\/uploads\/2018\/09\/nono.jpg\" alt=\"\" width=\"519\" height=\"360\" srcset=\"http:\/\/www.stefanome.it\/blog\/wp-content\/uploads\/2018\/09\/nono.jpg 519w, http:\/\/www.stefanome.it\/blog\/wp-content\/uploads\/2018\/09\/nono-300x208.jpg 300w\" sizes=\"auto, (max-width: 519px) 100vw, 519px\" \/><\/p>\n<p>Mi impegno a non parlare di cose che afferiscono alla politica, ma questa volta faccio una eccezione. Se i genovesi non si danno una svegliata, Genova ce l&#8217;ha nel culo in via definitiva ed inappellabile, ossia per sempre. <em>Second me<\/em>.<\/p>\n","protected":false},"excerpt":{"rendered":"<p>Da +30\/15\u00b0 a +18\u00b0\/+4\u00b0. Circa 11 gradi in meno in poco pi\u00f9 di 48 ore. Finalmente, meno zanzare e meno vespe. La pioggi\u00e0 \u00e8 ancora latitante anche nelle previsioni a medio termine, ma non si pu\u00f2 avere tutto. Due sere &hellip; <a href=\"http:\/\/www.stefanome.it\/blog\/?p=15572\">Continue reading <span class=\"meta-nav\">&rarr;<\/span><\/a><\/p>\n","protected":false},"author":1,"featured_media":0,"comment_status":"open","ping_status":"open","sticky":false,"template":"","format":"standard","meta":{"footnotes":""},"categories":[1],"tags":[],"class_list":["post-15572","post","type-post","status-publish","format-standard","hentry","category-apc"],"_links":{"self":[{"href":"http:\/\/www.stefanome.it\/blog\/index.php?rest_route=\/wp\/v2\/posts\/15572","targetHints":{"allow":["GET"]}}],"collection":[{"href":"http:\/\/www.stefanome.it\/blog\/index.php?rest_route=\/wp\/v2\/posts"}],"about":[{"href":"http:\/\/www.stefanome.it\/blog\/index.php?rest_route=\/wp\/v2\/types\/post"}],"author":[{"embeddable":true,"href":"http:\/\/www.stefanome.it\/blog\/index.php?rest_route=\/wp\/v2\/users\/1"}],"replies":[{"embeddable":true,"href":"http:\/\/www.stefanome.it\/blog\/index.php?rest_route=%2Fwp%2Fv2%2Fcomments&post=15572"}],"version-history":[{"count":3,"href":"http:\/\/www.stefanome.it\/blog\/index.php?rest_route=\/wp\/v2\/posts\/15572\/revisions"}],"predecessor-version":[{"id":15577,"href":"http:\/\/www.stefanome.it\/blog\/index.php?rest_route=\/wp\/v2\/posts\/15572\/revisions\/15577"}],"wp:attachment":[{"href":"http:\/\/www.stefanome.it\/blog\/index.php?rest_route=%2Fwp%2Fv2%2Fmedia&parent=15572"}],"wp:term":[{"taxonomy":"category","embeddable":true,"href":"http:\/\/www.stefanome.it\/blog\/index.php?rest_route=%2Fwp%2Fv2%2Fcategories&post=15572"},{"taxonomy":"post_tag","embeddable":true,"href":"http:\/\/www.stefanome.it\/blog\/index.php?rest_route=%2Fwp%2Fv2%2Ftags&post=15572"}],"curies":[{"name":"wp","href":"https:\/\/api.w.org\/{rel}","templated":true}]}}