{"id":15539,"date":"2018-09-12T20:01:48","date_gmt":"2018-09-12T19:01:48","guid":{"rendered":"http:\/\/www.stefanome.it\/blog\/?p=15539"},"modified":"2018-09-13T06:55:32","modified_gmt":"2018-09-13T05:55:32","slug":"molto-caldo","status":"publish","type":"post","link":"http:\/\/www.stefanome.it\/blog\/?p=15539","title":{"rendered":"Molto caldo."},"content":{"rendered":"<p><img loading=\"lazy\" decoding=\"async\" class=\"aligncenter wp-image-15540 size-full\" src=\"http:\/\/www.stefanome.it\/blog\/wp-content\/uploads\/2018\/09\/TERMA212.png\" alt=\"\" width=\"640\" height=\"480\" srcset=\"http:\/\/www.stefanome.it\/blog\/wp-content\/uploads\/2018\/09\/TERMA212.png 640w, http:\/\/www.stefanome.it\/blog\/wp-content\/uploads\/2018\/09\/TERMA212-300x225.png 300w\" sizes=\"auto, (max-width: 640px) 100vw, 640px\" \/><\/p>\n<p>Le massime sono di circa 10 gradi superiori alla media del periodo. Ma \u00e8 una cosa prevista e normale quando la composizione dell&#8217;atmosfera sta cambiando rapidamente per effetto delle emissioni di CO2 prodotte da attivit\u00e0 umane.<\/p>\n<p>Fino a qualche tempo fa mi incazzavo ancora perch\u00e8 non comprendevo come ci fosse cos\u00ec tanta gente scettica. Anche amici, che ritengo ad un livello di cultura e capacit\u00e0 superiore alla media, rifiutare la scienza ufficiale, i dati, le leggi della fisica per invocare cicli, fasi, cazzi che fanno parte delle ipotesi storiche corredate di dati totalmente incompleti. Nel 2013 (dato cui si riferisce il seguente grafico) abbiamo buttato in atmosfera 35 miliardi di tonnellate di anidride carbonica, sessantaseimila tonnellate al minuto. E&#8217; un gas che blocca la rifrazione del calore terrestre. Punto. Non ci sono<em> se e ma<\/em>, cicli una SEGA, \u00e8 colpa nostra.<\/p>\n<p>Ovviamente tiro fuori queste menate solo perch\u00e8 vedo la campagna di Basaluzzo; dopo un avvio di Settembre normale, l&#8217;anomalia o meglio la nuova normalit\u00e0 si vede con l&#8217;erba che secca e la terra si spacca, a met\u00e0 Settembre. Ma vaffanculo, va&#8217;.<\/p>\n<p><img loading=\"lazy\" decoding=\"async\" class=\"aligncenter size-full wp-image-15542\" src=\"http:\/\/www.stefanome.it\/blog\/wp-content\/uploads\/2018\/09\/co2.jpg\" alt=\"\" width=\"790\" height=\"576\" srcset=\"http:\/\/www.stefanome.it\/blog\/wp-content\/uploads\/2018\/09\/co2.jpg 790w, http:\/\/www.stefanome.it\/blog\/wp-content\/uploads\/2018\/09\/co2-300x219.jpg 300w, http:\/\/www.stefanome.it\/blog\/wp-content\/uploads\/2018\/09\/co2-768x560.jpg 768w\" sizes=\"auto, (max-width: 790px) 100vw, 790px\" \/><\/p>\n<p><img loading=\"lazy\" decoding=\"async\" class=\"aligncenter size-full wp-image-15544\" src=\"http:\/\/www.stefanome.it\/blog\/wp-content\/uploads\/2018\/09\/Captureppm.jpg\" alt=\"\" width=\"793\" height=\"576\" srcset=\"http:\/\/www.stefanome.it\/blog\/wp-content\/uploads\/2018\/09\/Captureppm.jpg 793w, http:\/\/www.stefanome.it\/blog\/wp-content\/uploads\/2018\/09\/Captureppm-300x218.jpg 300w, http:\/\/www.stefanome.it\/blog\/wp-content\/uploads\/2018\/09\/Captureppm-768x558.jpg 768w\" sizes=\"auto, (max-width: 793px) 100vw, 793px\" \/><\/p>\n<p>Anche questo grafico dovrebbe convincere chi invoca Dio e le glaciazioni e cicli non c&#8217;entrano un beato cazzo. E invece no. &#8220;Ma sono dati costruiti per far credere che&#8230; vanno interpretati&#8230; \u00e8 gi\u00e0 successo nel plestocene&#8230; il sole \u00e8 ciclico&#8230;&#8221;<\/p>\n<p>Per\u00f2 adesso non mi incazzo pi\u00f9. Abbiamo superato il punto di non ritorno. Il processo di riscaldamento alimentato non solo dalle cause dirette, ma anche da quelle secondarie o a &#8220;domino&#8221; \u00e8 avviato e non c&#8217;\u00e8 modo di arrestarlo. Possiamo solo aspettare e vedere come si evolver\u00e0 il clima relativo alla nostra zona dove viviamo. Me ne strabatto l&#8217;acciuga se in India muoiono di alluvioni ed invece in California del sud sono a secco e ci sono i primi casi di villaggi e paesini che vengono abbandonati perch\u00e8 non arriva pi\u00f9 acqua dai rubinetti. Io bado a questo lembo di terra che corrisponde al Basso Piemonte ed alla Liguria centrale dove spero che piova quanto basta, che l&#8217;acqua non manchi, almeno durante gli anni che mi resteranno per vivere. Dopodich\u00e8, buona fortuna a chi rimane.<\/p>\n<p>&nbsp;<\/p>\n<div id=\"attachment_15541\" style=\"width: 1034px\" class=\"wp-caption aligncenter\"><a href=\"http:\/\/www.stefanome.it\/blog\/wp-content\/uploads\/2018\/09\/currentb3-1.jpg\" target=\"_blank\" rel=\"noopener\"><img loading=\"lazy\" decoding=\"async\" aria-describedby=\"caption-attachment-15541\" class=\"wp-image-15541 size-full\" src=\"http:\/\/www.stefanome.it\/blog\/wp-content\/uploads\/2018\/09\/currentb3-1.jpg\" alt=\"\" width=\"1024\" height=\"768\" srcset=\"http:\/\/www.stefanome.it\/blog\/wp-content\/uploads\/2018\/09\/currentb3-1.jpg 1024w, http:\/\/www.stefanome.it\/blog\/wp-content\/uploads\/2018\/09\/currentb3-1-300x225.jpg 300w, http:\/\/www.stefanome.it\/blog\/wp-content\/uploads\/2018\/09\/currentb3-1-768x576.jpg 768w\" sizes=\"auto, (max-width: 1024px) 100vw, 1024px\" \/><\/a><p id=\"caption-attachment-15541\" class=\"wp-caption-text\">Clicca<\/p><\/div>\n<p>Ci\u00f2 detto, espressa la mia imbattibile simpatia ed ottimismo, esternato il mio esilarante ed immancabile catastrofismo anti social, mi concentro su Gastone, ormai ospite fisso tutte le mattine, festivi compresi, della Pozzanghera. E sulle pompe, quelle che si guastano. Il pozzo non ha potuto fornire acqua per alcuni giorni perch\u00e8 le pompe rigenerate sono rigenerate MALE.\u00a0 Quella del pozzo si \u00e8 fermata. Allora ho messo su quella di riserva. Ferma anche quella, ovvero viene fuori acqua ma non alla pressione sufficiente a superare i 14 metri di profondit\u00e0 del pozzo. Dunque ho issato due volte una pompa diversa, mi sono fatto venire mal di schiena e devo concludere che il rigeneratore di pompe potrebbe fare un altro qualsiasi mestiere nella vita con migliori risultati.<\/p>\n","protected":false},"excerpt":{"rendered":"<p>Le massime sono di circa 10 gradi superiori alla media del periodo. Ma \u00e8 una cosa prevista e normale quando la composizione dell&#8217;atmosfera sta cambiando rapidamente per effetto delle emissioni di CO2 prodotte da attivit\u00e0 umane. Fino a qualche tempo &hellip; <a href=\"http:\/\/www.stefanome.it\/blog\/?p=15539\">Continue reading <span class=\"meta-nav\">&rarr;<\/span><\/a><\/p>\n","protected":false},"author":1,"featured_media":0,"comment_status":"open","ping_status":"open","sticky":false,"template":"","format":"standard","meta":{"footnotes":""},"categories":[1],"tags":[],"class_list":["post-15539","post","type-post","status-publish","format-standard","hentry","category-apc"],"_links":{"self":[{"href":"http:\/\/www.stefanome.it\/blog\/index.php?rest_route=\/wp\/v2\/posts\/15539","targetHints":{"allow":["GET"]}}],"collection":[{"href":"http:\/\/www.stefanome.it\/blog\/index.php?rest_route=\/wp\/v2\/posts"}],"about":[{"href":"http:\/\/www.stefanome.it\/blog\/index.php?rest_route=\/wp\/v2\/types\/post"}],"author":[{"embeddable":true,"href":"http:\/\/www.stefanome.it\/blog\/index.php?rest_route=\/wp\/v2\/users\/1"}],"replies":[{"embeddable":true,"href":"http:\/\/www.stefanome.it\/blog\/index.php?rest_route=%2Fwp%2Fv2%2Fcomments&post=15539"}],"version-history":[{"count":6,"href":"http:\/\/www.stefanome.it\/blog\/index.php?rest_route=\/wp\/v2\/posts\/15539\/revisions"}],"predecessor-version":[{"id":15549,"href":"http:\/\/www.stefanome.it\/blog\/index.php?rest_route=\/wp\/v2\/posts\/15539\/revisions\/15549"}],"wp:attachment":[{"href":"http:\/\/www.stefanome.it\/blog\/index.php?rest_route=%2Fwp%2Fv2%2Fmedia&parent=15539"}],"wp:term":[{"taxonomy":"category","embeddable":true,"href":"http:\/\/www.stefanome.it\/blog\/index.php?rest_route=%2Fwp%2Fv2%2Fcategories&post=15539"},{"taxonomy":"post_tag","embeddable":true,"href":"http:\/\/www.stefanome.it\/blog\/index.php?rest_route=%2Fwp%2Fv2%2Ftags&post=15539"}],"curies":[{"name":"wp","href":"https:\/\/api.w.org\/{rel}","templated":true}]}}