{"id":15519,"date":"2018-09-07T23:41:31","date_gmt":"2018-09-07T22:41:31","guid":{"rendered":"http:\/\/www.stefanome.it\/blog\/?p=15519"},"modified":"2018-09-08T07:01:52","modified_gmt":"2018-09-08T06:01:52","slug":"carpe-generazione-2018-ed-altre-brutte-foto","status":"publish","type":"post","link":"http:\/\/www.stefanome.it\/blog\/?p=15519","title":{"rendered":"Carpe generazione 2018 ed altre brutte foto."},"content":{"rendered":"<p>Per caricare il seguente filmato su YouTube ho impiegato circa un&#8217;ora. La linea ADSL a Basaluzzo fa schifo, perch\u00e8 siamo una zona depressa, ovvero ci deprimono con servizi scadenti, alla faccia di quello che dicono i governi e la pubblicit\u00e0 ingannevole di Tim ed altri cialtroni concorrenti. Mi soffermo sulla musichetta di sottofondo, aggiunta in un secondo tempo, che rende il filmato particolarmente gaio.<\/p>\n<p><iframe loading=\"lazy\" title=\"Carpine Koi\" width=\"640\" height=\"480\" src=\"https:\/\/www.youtube.com\/embed\/W9NuRiSAugo?feature=oembed\" frameborder=\"0\" allow=\"accelerometer; autoplay; clipboard-write; encrypted-media; gyroscope; picture-in-picture; web-share\" referrerpolicy=\"strict-origin-when-cross-origin\" allowfullscreen><\/iframe><\/p>\n<p>Ho ripreso le piccole carpe nate la scorsa primavera. Lo scopo era cercare di fare un censimento. Facendo un fermo immagine (me lo invento) direi che 100 \u00e8 il numero minimo, ma potrei sbagliare per difetto del 50%. Dunque 150. Per\u00f2 in queste immagini si vede una piccola sezione della Pozzanghera. Ho attratto le carpe con dei crackers all&#8217;acqua trovati in cucina che sanno abbastanza di cartone, ma piacciono a Miriam che cos\u00ec pensa di combattere lo svaccamento pre-menopausa che teme la stia attendendo dietro l&#8217;angolo. Dunque le carpe 2018 potrebbero essere pi\u00f9 di 300, insomma, non ne ho idea.<\/p>\n<div id=\"attachment_15520\" style=\"width: 860px\" class=\"wp-caption aligncenter\"><a href=\"http:\/\/www.stefanome.it\/blog\/wp-content\/uploads\/2018\/09\/P1040911-modified.jpg\" target=\"_blank\" rel=\"noopener\"><img loading=\"lazy\" decoding=\"async\" aria-describedby=\"caption-attachment-15520\" class=\"wp-image-15520 size-full\" src=\"http:\/\/www.stefanome.it\/blog\/wp-content\/uploads\/2018\/09\/P1040911-modified.jpg\" alt=\"\" width=\"850\" height=\"638\" srcset=\"http:\/\/www.stefanome.it\/blog\/wp-content\/uploads\/2018\/09\/P1040911-modified.jpg 850w, http:\/\/www.stefanome.it\/blog\/wp-content\/uploads\/2018\/09\/P1040911-modified-300x225.jpg 300w, http:\/\/www.stefanome.it\/blog\/wp-content\/uploads\/2018\/09\/P1040911-modified-768x576.jpg 768w\" sizes=\"auto, (max-width: 850px) 100vw, 850px\" \/><\/a><p id=\"caption-attachment-15520\" class=\"wp-caption-text\">Clicca<\/p><\/div>\n<p>Questo invece \u00e8 il consueto temporale del Brugneto, direzione ESE. Tornando alle Carpe, la quasi totalit\u00e0 dei piccoli \u00e8 rossa, ma ci sono anche una manciata di piccoli biancastri ed altri scuri. I bianchi riprendono il colore di una o due delle Carpe Originali, ma uelli scuri invece potrebbero essere incrociati con un cinghiale che \u00e8 venuto a bere e poi ha abusato di una carpa. Ma forse, pi\u00f9 probabilmente, dev&#8217;essere qualche nonno giapponese, lo ricordo nei diagrammi di Mendel sulla ereditariet\u00e0.<\/p>\n<div id=\"attachment_15521\" style=\"width: 860px\" class=\"wp-caption aligncenter\"><a href=\"http:\/\/www.stefanome.it\/blog\/wp-content\/uploads\/2018\/09\/P1040917-modified.jpg\" target=\"_blank\" rel=\"noopener\"><img loading=\"lazy\" decoding=\"async\" aria-describedby=\"caption-attachment-15521\" class=\"wp-image-15521 size-full\" src=\"http:\/\/www.stefanome.it\/blog\/wp-content\/uploads\/2018\/09\/P1040917-modified.jpg\" alt=\"\" width=\"850\" height=\"638\" srcset=\"http:\/\/www.stefanome.it\/blog\/wp-content\/uploads\/2018\/09\/P1040917-modified.jpg 850w, http:\/\/www.stefanome.it\/blog\/wp-content\/uploads\/2018\/09\/P1040917-modified-300x225.jpg 300w, http:\/\/www.stefanome.it\/blog\/wp-content\/uploads\/2018\/09\/P1040917-modified-768x576.jpg 768w\" sizes=\"auto, (max-width: 850px) 100vw, 850px\" \/><\/a><p id=\"caption-attachment-15521\" class=\"wp-caption-text\">Clicca<\/p><\/div>\n<p>Su questa foto ho fatto dei mastrussi aumentandone il colore. Ci sono dei puntini neri che potrebbero anche sembrare polvere sull&#8217;obiettivo, ma sono uccelli che volavano ad altezze indefinibili.<\/p>\n","protected":false},"excerpt":{"rendered":"<p>Per caricare il seguente filmato su YouTube ho impiegato circa un&#8217;ora. La linea ADSL a Basaluzzo fa schifo, perch\u00e8 siamo una zona depressa, ovvero ci deprimono con servizi scadenti, alla faccia di quello che dicono i governi e la pubblicit\u00e0 &hellip; <a href=\"http:\/\/www.stefanome.it\/blog\/?p=15519\">Continue reading <span class=\"meta-nav\">&rarr;<\/span><\/a><\/p>\n","protected":false},"author":1,"featured_media":0,"comment_status":"open","ping_status":"open","sticky":false,"template":"","format":"standard","meta":{"footnotes":""},"categories":[1],"tags":[],"class_list":["post-15519","post","type-post","status-publish","format-standard","hentry","category-apc"],"_links":{"self":[{"href":"http:\/\/www.stefanome.it\/blog\/index.php?rest_route=\/wp\/v2\/posts\/15519","targetHints":{"allow":["GET"]}}],"collection":[{"href":"http:\/\/www.stefanome.it\/blog\/index.php?rest_route=\/wp\/v2\/posts"}],"about":[{"href":"http:\/\/www.stefanome.it\/blog\/index.php?rest_route=\/wp\/v2\/types\/post"}],"author":[{"embeddable":true,"href":"http:\/\/www.stefanome.it\/blog\/index.php?rest_route=\/wp\/v2\/users\/1"}],"replies":[{"embeddable":true,"href":"http:\/\/www.stefanome.it\/blog\/index.php?rest_route=%2Fwp%2Fv2%2Fcomments&post=15519"}],"version-history":[{"count":7,"href":"http:\/\/www.stefanome.it\/blog\/index.php?rest_route=\/wp\/v2\/posts\/15519\/revisions"}],"predecessor-version":[{"id":15528,"href":"http:\/\/www.stefanome.it\/blog\/index.php?rest_route=\/wp\/v2\/posts\/15519\/revisions\/15528"}],"wp:attachment":[{"href":"http:\/\/www.stefanome.it\/blog\/index.php?rest_route=%2Fwp%2Fv2%2Fmedia&parent=15519"}],"wp:term":[{"taxonomy":"category","embeddable":true,"href":"http:\/\/www.stefanome.it\/blog\/index.php?rest_route=%2Fwp%2Fv2%2Fcategories&post=15519"},{"taxonomy":"post_tag","embeddable":true,"href":"http:\/\/www.stefanome.it\/blog\/index.php?rest_route=%2Fwp%2Fv2%2Ftags&post=15519"}],"curies":[{"name":"wp","href":"https:\/\/api.w.org\/{rel}","templated":true}]}}