{"id":15515,"date":"2018-09-06T09:14:11","date_gmt":"2018-09-06T08:14:11","guid":{"rendered":"http:\/\/www.stefanome.it\/blog\/?p=15515"},"modified":"2018-09-06T09:14:11","modified_gmt":"2018-09-06T08:14:11","slug":"the-american-elm-tree","status":"publish","type":"post","link":"http:\/\/www.stefanome.it\/blog\/?p=15515","title":{"rendered":"The American Elm Tree"},"content":{"rendered":"<p>Ovvero il mio prossimo esperimento di globalizzazione arbicola.<\/p>\n<div id=\"attachment_15516\" style=\"width: 610px\" class=\"wp-caption aligncenter\"><img loading=\"lazy\" decoding=\"async\" aria-describedby=\"caption-attachment-15516\" class=\"wp-image-15516 size-full\" src=\"http:\/\/www.stefanome.it\/blog\/wp-content\/uploads\/2018\/09\/P1040851.jpg\" alt=\"\" width=\"600\" height=\"450\" srcset=\"http:\/\/www.stefanome.it\/blog\/wp-content\/uploads\/2018\/09\/P1040851.jpg 600w, http:\/\/www.stefanome.it\/blog\/wp-content\/uploads\/2018\/09\/P1040851-300x225.jpg 300w\" sizes=\"auto, (max-width: 600px) 100vw, 600px\" \/><p id=\"caption-attachment-15516\" class=\"wp-caption-text\">Ma perch\u00e8 due bustine con semi dello stesso albero che sembrano diversi tra loro ? Boh !<\/p><\/div>\n<p>Come dicevo qualche settimana fa, o forse non lo dicevo ma lo pensavo e non l&#8217;ho scritto, oppure l&#8217;ho scritto ma male, in ogni caso mi sono dimenticato. Insomma, c&#8217;\u00e8 questo sito web meraviglioso di un vivaio che ti spedisce semi e piantine di una variet\u00e0 enorme di alberi, ho acquistato 100 semi di Olmo Americano (costo totale con spedizione, \u20ac6 circa). E&#8217; come l&#8217;Olmo Italiano ma pi\u00f9 grosso, pi\u00f9 accessoriato, esotico, ha un accento straniero.<\/p>\n<p><img loading=\"lazy\" decoding=\"async\" class=\"alignleft size-full wp-image-15517\" src=\"http:\/\/www.stefanome.it\/blog\/wp-content\/uploads\/2018\/09\/elm.jpg\" alt=\"\" width=\"217\" height=\"127\" \/><\/p>\n<p>Sul sito ovviamente c&#8217;\u00e8 una ricca pagina di informazioni su come si devono gestire i semi per farli germogliare. Un aspetto che ho sottovalutato e che mi ha fatto seccare l&#8217;ultima partita di ghiande di Central Park \u00e8 la stratificazione fatta come deve essere fatta, termine che ho maldestramente tradotto dall&#8217;inglese, ma ho per il belino di andare a leggere come \u00e8 l&#8217;equivalente in italiano. Comunque \u00e8 il sistema di tenere il seme in frigorifero per un certo periodo per simulare l&#8217;inverno, con o senza umidit\u00e0 a seconda della pianta, prima di metterlo in terra a primavera. Per l&#8217;Olmo non ce n&#8217;\u00e8 bisogno.<\/p>\n<p>Adesso sono tutti cazzi miei. La prossima primavera metter\u00f2 i semi nei minivasi biodegradabili, uno per uno, poi inizier\u00f2 a dar da bere e vedremo se e quanti germoglieranno. Se germogliano dovr\u00f2 metterli nella loro dimora definitiva, ma dovr\u00f2 proteggere le piantine da conigli e caprioli. Supponiamo che ne germogli il 50%, sono 50 piantine, metterle a dimora una ogni 16 metri quadrati, mantenendo una distanza minima di 4 metri una dall&#8217;altra, portano una superficie totale di 800 metri quadrati da recintare.<\/p>\n<p>Mi annoter\u00f2 diligentemente gli sviluppi di questa brillantissima iniziativa.<\/p>\n","protected":false},"excerpt":{"rendered":"<p>Ovvero il mio prossimo esperimento di globalizzazione arbicola. Come dicevo qualche settimana fa, o forse non lo dicevo ma lo pensavo e non l&#8217;ho scritto, oppure l&#8217;ho scritto ma male, in ogni caso mi sono dimenticato. Insomma, c&#8217;\u00e8 questo sito &hellip; <a href=\"http:\/\/www.stefanome.it\/blog\/?p=15515\">Continue reading <span class=\"meta-nav\">&rarr;<\/span><\/a><\/p>\n","protected":false},"author":1,"featured_media":0,"comment_status":"open","ping_status":"open","sticky":false,"template":"","format":"standard","meta":{"footnotes":""},"categories":[1],"tags":[],"class_list":["post-15515","post","type-post","status-publish","format-standard","hentry","category-apc"],"_links":{"self":[{"href":"http:\/\/www.stefanome.it\/blog\/index.php?rest_route=\/wp\/v2\/posts\/15515","targetHints":{"allow":["GET"]}}],"collection":[{"href":"http:\/\/www.stefanome.it\/blog\/index.php?rest_route=\/wp\/v2\/posts"}],"about":[{"href":"http:\/\/www.stefanome.it\/blog\/index.php?rest_route=\/wp\/v2\/types\/post"}],"author":[{"embeddable":true,"href":"http:\/\/www.stefanome.it\/blog\/index.php?rest_route=\/wp\/v2\/users\/1"}],"replies":[{"embeddable":true,"href":"http:\/\/www.stefanome.it\/blog\/index.php?rest_route=%2Fwp%2Fv2%2Fcomments&post=15515"}],"version-history":[{"count":1,"href":"http:\/\/www.stefanome.it\/blog\/index.php?rest_route=\/wp\/v2\/posts\/15515\/revisions"}],"predecessor-version":[{"id":15518,"href":"http:\/\/www.stefanome.it\/blog\/index.php?rest_route=\/wp\/v2\/posts\/15515\/revisions\/15518"}],"wp:attachment":[{"href":"http:\/\/www.stefanome.it\/blog\/index.php?rest_route=%2Fwp%2Fv2%2Fmedia&parent=15515"}],"wp:term":[{"taxonomy":"category","embeddable":true,"href":"http:\/\/www.stefanome.it\/blog\/index.php?rest_route=%2Fwp%2Fv2%2Fcategories&post=15515"},{"taxonomy":"post_tag","embeddable":true,"href":"http:\/\/www.stefanome.it\/blog\/index.php?rest_route=%2Fwp%2Fv2%2Ftags&post=15515"}],"curies":[{"name":"wp","href":"https:\/\/api.w.org\/{rel}","templated":true}]}}