{"id":15399,"date":"2018-07-22T15:49:31","date_gmt":"2018-07-22T14:49:31","guid":{"rendered":"http:\/\/www.stefanome.it\/blog\/?p=15399"},"modified":"2018-07-22T15:51:34","modified_gmt":"2018-07-22T14:51:34","slug":"cumuli-e-carpe","status":"publish","type":"post","link":"http:\/\/www.stefanome.it\/blog\/?p=15399","title":{"rendered":"Cumuli e carpe."},"content":{"rendered":"<p><img loading=\"lazy\" decoding=\"async\" class=\"aligncenter size-full wp-image-15400\" src=\"http:\/\/www.stefanome.it\/blog\/wp-content\/uploads\/2018\/07\/P1040809-modified.jpg\" alt=\"\" width=\"635\" height=\"476\" srcset=\"http:\/\/www.stefanome.it\/blog\/wp-content\/uploads\/2018\/07\/P1040809-modified.jpg 635w, http:\/\/www.stefanome.it\/blog\/wp-content\/uploads\/2018\/07\/P1040809-modified-300x225.jpg 300w\" sizes=\"auto, (max-width: 635px) 100vw, 635px\" \/><\/p>\n<p>Una foto di un cumulo con sotto la Pozzanghera. Si, ho capito, nel corso degli anni ne ho scattate altre 500 identiche.<\/p>\n<p>Ma la notizia del giorno \u00e8 che sono state avvistate tre o quattro carpe lunghe un palmo. Il che vuol dire che sono carpe di un anno, forse due, dunque annata 2017 o 2016.<\/p>\n<p>Le carpe si riproducono, e fin qui \u00e8 noto. Pensavo che i\u00a0 piccoli nati nel 2016 e 2017 fossero stati sterminati da Gastone &amp; Friends e da carestie, malattie, siccit\u00e0, gelate e in generale condizioni ambientali avverse. Invece queste carpe hanno vissuto per poco pi\u00f9 di un anno, o forse due, ben nascoste alla vista ed ora improvvisamente saltano fuori. Una \u00e8 colorata all&#8217;incirca come un genitore, bianca con il muso giallognolo e macchie nere sul corpo. Una invece ha la testa molto scura con chiazze grigiastre, il resto del corpo \u00e8 biancastro.<\/p>\n<p>Questa notizia cambia completamente scenario. Se la sopravvivenza di alcuni esemplari \u00e8 garantita anno dopo anno, nel corso di poche generazioni la crescita della popolazione potrebbe avvenire a velocit\u00e0 geometrica fino a riempire completamente la pozzanghera, che diventerebbe cos\u00ec un agglomerato peggiore dell&#8217;area check-in della EasyJet a Malpensa. Probabilmente con meno puzza e meno rumore da burini tatuati, comunque sia decisamente invivibile.<\/p>\n<p>&nbsp;<\/p>\n","protected":false},"excerpt":{"rendered":"<p>Una foto di un cumulo con sotto la Pozzanghera. Si, ho capito, nel corso degli anni ne ho scattate altre 500 identiche. Ma la notizia del giorno \u00e8 che sono state avvistate tre o quattro carpe lunghe un palmo. Il &hellip; <a href=\"http:\/\/www.stefanome.it\/blog\/?p=15399\">Continue reading <span class=\"meta-nav\">&rarr;<\/span><\/a><\/p>\n","protected":false},"author":1,"featured_media":0,"comment_status":"open","ping_status":"open","sticky":false,"template":"","format":"standard","meta":{"footnotes":""},"categories":[1],"tags":[],"class_list":["post-15399","post","type-post","status-publish","format-standard","hentry","category-apc"],"_links":{"self":[{"href":"http:\/\/www.stefanome.it\/blog\/index.php?rest_route=\/wp\/v2\/posts\/15399","targetHints":{"allow":["GET"]}}],"collection":[{"href":"http:\/\/www.stefanome.it\/blog\/index.php?rest_route=\/wp\/v2\/posts"}],"about":[{"href":"http:\/\/www.stefanome.it\/blog\/index.php?rest_route=\/wp\/v2\/types\/post"}],"author":[{"embeddable":true,"href":"http:\/\/www.stefanome.it\/blog\/index.php?rest_route=\/wp\/v2\/users\/1"}],"replies":[{"embeddable":true,"href":"http:\/\/www.stefanome.it\/blog\/index.php?rest_route=%2Fwp%2Fv2%2Fcomments&post=15399"}],"version-history":[{"count":4,"href":"http:\/\/www.stefanome.it\/blog\/index.php?rest_route=\/wp\/v2\/posts\/15399\/revisions"}],"predecessor-version":[{"id":15404,"href":"http:\/\/www.stefanome.it\/blog\/index.php?rest_route=\/wp\/v2\/posts\/15399\/revisions\/15404"}],"wp:attachment":[{"href":"http:\/\/www.stefanome.it\/blog\/index.php?rest_route=%2Fwp%2Fv2%2Fmedia&parent=15399"}],"wp:term":[{"taxonomy":"category","embeddable":true,"href":"http:\/\/www.stefanome.it\/blog\/index.php?rest_route=%2Fwp%2Fv2%2Fcategories&post=15399"},{"taxonomy":"post_tag","embeddable":true,"href":"http:\/\/www.stefanome.it\/blog\/index.php?rest_route=%2Fwp%2Fv2%2Ftags&post=15399"}],"curies":[{"name":"wp","href":"https:\/\/api.w.org\/{rel}","templated":true}]}}