{"id":15365,"date":"2018-07-16T12:34:26","date_gmt":"2018-07-16T11:34:26","guid":{"rendered":"http:\/\/www.stefanome.it\/blog\/?p=15365"},"modified":"2018-07-16T12:50:39","modified_gmt":"2018-07-16T11:50:39","slug":"la-visione-della-fibra-da-vicino-2","status":"publish","type":"post","link":"http:\/\/www.stefanome.it\/blog\/?p=15365","title":{"rendered":"La Visione Della Fibra Da Vicino."},"content":{"rendered":"<p>Dopo 7 mesi passati respingendo i ripetuti attacchi telefonici di commerciali TIM che mi hanno tartassato i maroni proponendomi un fibra che non c&#8217;era, qualche giorno fa dei tecnici hanno passato effettivamente dei cavi di fibra nella mia strada ed oggi \u00e8 arrivato un tecnico in casa che ha avviato il servizio.<\/p>\n<p><span style=\"color: #ff0000;\"><strong>Per\u00f2;<\/strong><\/span><\/p>\n<ol>\n<li>Di fibra non se n&#8217;\u00e8 vista neppure un centimetro. Siamo sempre serviti dal vecchio doppino di rame dei tempi di Meucci &amp; Bell.<\/li>\n<li>L&#8217;impianto fatto dall&#8217;elettricista in previsione dell&#8217;arrivo della fibra ottica non \u00e8 servito ad un beato cazzo.<\/li>\n<li>Il tecnico Telecom si \u00e8 limitato a spostare un cavetto sul mio router ed ha mastrussato in centrale.<\/li>\n<li>La velocit\u00e0 di download \u00e8 aumentata a circa 30 megabites per secondo, che \u00e8 sicuramente un grosso miglioramento della semplice adsl che viaggiava, quando di ottimo umore, a 4 megabites.<\/li>\n<li>In teoria posso chiedere l&#8217;aumento della velocit\u00e0 a 100 mb per sec, ma prima di causare danni irreparabili al servizio mio e di tutto il quartiere, preferisco non fare la domanda a Telecom e vedere cosa succede nelle prossime settimane.<\/li>\n<\/ol>\n<p>Insomma, per le strade stanno facendo passare canaline, tubazioni, cavi di fibra ottica. In osservanza a norme vigenti ho passato fibre ottiche in tutta la casa, in tutto il condominio, poi arriva il tecnico che sembra sia il futuro in linea, e mi aumenta la velocit\u00e0 premendo dei bottoni nell&#8217;armadietto che c&#8217;\u00e8 in una strada a pochi passi da casa.<\/p>\n<p><strong>Ed inoltre.<\/strong><\/p>\n<p>Sono sempre pi\u00f9 convinto che Via De Gasperi e via Righetti dovrebbero essere presidiati dai vigili costantemente. Talvolta ci sono, ma troppo raramente. Oggi sono stato superato da due maxi-scooter che andavano ad una velocit\u00e0 abnorme rispetto al carattere urbano delle strade in questione. Questi due imbecilli, e tutti quelli come loro, dovrebbero essere interdetti alla guida di qualsiasi veicolo a motore per molto tempo.\u00a0 Ovviamente li ho ritrovati al semaforo, ed ho avuto modo di osservarne il volto. L&#8217;impressione che mi hanno dato \u00e8 proprio quella di un tizio che guida ad una velocit\u00e0 che \u00e8 inversamente proporzionale al numero di neuroni disponibili per poter affermare di essere autocoscienti.<\/p>\n<p><strong>Ma a Basaluzzo piove.<\/strong><\/p>\n<div id=\"attachment_15366\" style=\"width: 1034px\" class=\"wp-caption aligncenter\"><a href=\"http:\/\/www.stefanome.it\/blog\/wp-content\/uploads\/2018\/07\/currentb3-1.jpg\" target=\"_blank\" rel=\"noopener\"><img loading=\"lazy\" decoding=\"async\" aria-describedby=\"caption-attachment-15366\" class=\"wp-image-15366 size-full\" src=\"http:\/\/www.stefanome.it\/blog\/wp-content\/uploads\/2018\/07\/currentb3-1.jpg\" alt=\"\" width=\"1024\" height=\"768\" srcset=\"http:\/\/www.stefanome.it\/blog\/wp-content\/uploads\/2018\/07\/currentb3-1.jpg 1024w, http:\/\/www.stefanome.it\/blog\/wp-content\/uploads\/2018\/07\/currentb3-1-300x225.jpg 300w, http:\/\/www.stefanome.it\/blog\/wp-content\/uploads\/2018\/07\/currentb3-1-768x576.jpg 768w\" sizes=\"auto, (max-width: 1024px) 100vw, 1024px\" \/><\/a><p id=\"caption-attachment-15366\" class=\"wp-caption-text\">Clicca<\/p><\/div>\n<div id=\"attachment_15372\" style=\"width: 1290px\" class=\"wp-caption aligncenter\"><a href=\"http:\/\/www.stefanome.it\/blog\/wp-content\/uploads\/2018\/07\/current_b2.jpg\" target=\"_blank\" rel=\"noopener\"><img loading=\"lazy\" decoding=\"async\" aria-describedby=\"caption-attachment-15372\" class=\"wp-image-15372 size-full\" src=\"http:\/\/www.stefanome.it\/blog\/wp-content\/uploads\/2018\/07\/current_b2.jpg\" alt=\"\" width=\"1280\" height=\"960\" srcset=\"http:\/\/www.stefanome.it\/blog\/wp-content\/uploads\/2018\/07\/current_b2.jpg 1280w, http:\/\/www.stefanome.it\/blog\/wp-content\/uploads\/2018\/07\/current_b2-300x225.jpg 300w, http:\/\/www.stefanome.it\/blog\/wp-content\/uploads\/2018\/07\/current_b2-768x576.jpg 768w, http:\/\/www.stefanome.it\/blog\/wp-content\/uploads\/2018\/07\/current_b2-1024x768.jpg 1024w\" sizes=\"auto, (max-width: 1280px) 100vw, 1280px\" \/><\/a><p id=\"caption-attachment-15372\" class=\"wp-caption-text\">Anche qui.<\/p><\/div>\n<p>E me ne strapazzo la ciolla di coloro che possono lamentarsi del fatto che non c&#8217;\u00e8 il sole. Questa pioggia, guardando al mio orticello, arriva al momento giusto, manna per i miei alberi, centimetri per la cisterna di raccolta della piovana, centimetri &#8211; spero &#8211; per la Pozzanghera.<\/p>\n<p><strong>Infine.<\/strong><\/p>\n<div id=\"attachment_15368\" style=\"width: 810px\" class=\"wp-caption aligncenter\"><a href=\"http:\/\/www.stefanome.it\/blog\/wp-content\/uploads\/2018\/07\/piontola.jpg\" target=\"_blank\" rel=\"noopener\"><img loading=\"lazy\" decoding=\"async\" aria-describedby=\"caption-attachment-15368\" class=\"wp-image-15368 size-full\" src=\"http:\/\/www.stefanome.it\/blog\/wp-content\/uploads\/2018\/07\/piontola.jpg\" alt=\"\" width=\"800\" height=\"469\" srcset=\"http:\/\/www.stefanome.it\/blog\/wp-content\/uploads\/2018\/07\/piontola.jpg 800w, http:\/\/www.stefanome.it\/blog\/wp-content\/uploads\/2018\/07\/piontola-300x176.jpg 300w, http:\/\/www.stefanome.it\/blog\/wp-content\/uploads\/2018\/07\/piontola-768x450.jpg 768w\" sizes=\"auto, (max-width: 800px) 100vw, 800px\" \/><\/a><p id=\"caption-attachment-15368\" class=\"wp-caption-text\">Clicca<\/p><\/div>\n<p>Dal vivo era molto bello; un temporale con un moderato rovescio di pioggia che evidenziava i diversi profili dei rilievi facenti parte del gruppo del Beigua. Questo \u00e8 quanto di meglio sono riuscito a fare. Una foto che fa cagare.<\/p>\n<p>&nbsp;<\/p>\n","protected":false},"excerpt":{"rendered":"<p>Dopo 7 mesi passati respingendo i ripetuti attacchi telefonici di commerciali TIM che mi hanno tartassato i maroni proponendomi un fibra che non c&#8217;era, qualche giorno fa dei tecnici hanno passato effettivamente dei cavi di fibra nella mia strada ed &hellip; <a href=\"http:\/\/www.stefanome.it\/blog\/?p=15365\">Continue reading <span class=\"meta-nav\">&rarr;<\/span><\/a><\/p>\n","protected":false},"author":1,"featured_media":0,"comment_status":"open","ping_status":"open","sticky":false,"template":"","format":"standard","meta":{"footnotes":""},"categories":[1],"tags":[],"class_list":["post-15365","post","type-post","status-publish","format-standard","hentry","category-apc"],"_links":{"self":[{"href":"http:\/\/www.stefanome.it\/blog\/index.php?rest_route=\/wp\/v2\/posts\/15365","targetHints":{"allow":["GET"]}}],"collection":[{"href":"http:\/\/www.stefanome.it\/blog\/index.php?rest_route=\/wp\/v2\/posts"}],"about":[{"href":"http:\/\/www.stefanome.it\/blog\/index.php?rest_route=\/wp\/v2\/types\/post"}],"author":[{"embeddable":true,"href":"http:\/\/www.stefanome.it\/blog\/index.php?rest_route=\/wp\/v2\/users\/1"}],"replies":[{"embeddable":true,"href":"http:\/\/www.stefanome.it\/blog\/index.php?rest_route=%2Fwp%2Fv2%2Fcomments&post=15365"}],"version-history":[{"count":5,"href":"http:\/\/www.stefanome.it\/blog\/index.php?rest_route=\/wp\/v2\/posts\/15365\/revisions"}],"predecessor-version":[{"id":15373,"href":"http:\/\/www.stefanome.it\/blog\/index.php?rest_route=\/wp\/v2\/posts\/15365\/revisions\/15373"}],"wp:attachment":[{"href":"http:\/\/www.stefanome.it\/blog\/index.php?rest_route=%2Fwp%2Fv2%2Fmedia&parent=15365"}],"wp:term":[{"taxonomy":"category","embeddable":true,"href":"http:\/\/www.stefanome.it\/blog\/index.php?rest_route=%2Fwp%2Fv2%2Fcategories&post=15365"},{"taxonomy":"post_tag","embeddable":true,"href":"http:\/\/www.stefanome.it\/blog\/index.php?rest_route=%2Fwp%2Fv2%2Ftags&post=15365"}],"curies":[{"name":"wp","href":"https:\/\/api.w.org\/{rel}","templated":true}]}}