{"id":15304,"date":"2018-06-20T07:36:58","date_gmt":"2018-06-20T06:36:58","guid":{"rendered":"http:\/\/www.stefanome.it\/blog\/?p=15304"},"modified":"2018-06-20T07:36:58","modified_gmt":"2018-06-20T06:36:58","slug":"lipu","status":"publish","type":"post","link":"http:\/\/www.stefanome.it\/blog\/?p=15304","title":{"rendered":"Lipu"},"content":{"rendered":"<p>Il piano di salvataggio era semplice; avrei citofonato gli inquilini dei numeri interni pi\u00f9 alti in modo da intercettare quelli che abitano all&#8217;ultimo piano e che hanno accesso al tetto. Poi avrei recuperato il piccolo gabbiano e lo avrei riportato sul tetto dai genitori e dal fratello.<\/p>\n<p>Nel frattempo, arrivato in ufficio, ho cercato di trovare conforto in quelli della LIPU di Genova ma sul loro sito c&#8217;\u00e8 un cellulare che suona a vuoto. Allora ho chiamato una amica, nota amante degli animali, chiedendo consigli.<\/p>\n<p>Purtroppo mi ha confermato i sospetti che avevo fin da subito; se tocchi un piccolo di qualsiasi specie e poi lo riporti dai genitori, questi sentono il tuo odore e disconoscono il piccolo. Lo lasciano morire di fame e talvolta lo uccidono perch\u00e8 sentono un odore che lo fa apparire un estraneo. Noi umani puzziamo in modo rivoltante. Se ricordo l&#8217;ultima volta che sono stato su un autobus a Genova, posso capire il genitore di gabbiano che uccide il piccolo dopo che ha avuto contatti con un umano. Avrei voluto mettermi ad urlare &#8220;ma chi \u00e8 quel maiale che non si lava da mesi ?&#8221;.<\/p>\n<p>Avrei potuto avvolgerlo in un lenzuolo o una coperta senza toccarlo, ma come si fa a tenerlo stretto in un lenzuolo se questo si dimena ? E se gli spezzo un ala ? Insomma, ieri mattina uscendo di casa ho trovato il piccolo di gabbiano mancante. Saltellava tra le auto con un genitore che ronzava intorno salendo sulle ringhiere che contornano i giardini. Sono andato in ufficio con il magone impegnandomi a fare qualcosa, ma intuivo che il salvataggio sarebbe stato impossibile, anche a voler evitare le beccate del genitore che si sarebbe incazzato a vedermi inseguire e braccare il piccolo.<\/p>\n<p>Ieri sera non l&#8217;ho visto, neppure il genitore. Immagino che il piccolo abbia fatto una brutta fine. Probabilmente investito da un&#8217;auto. Inseguito e ucciso da un cane. Preso in un inseguimento tra bighe, colpito da un asteroide. E&#8217; una cosa tristissima, ma non quanto lo \u00e8 pensare ai miei concittadini che due sere fa hanno imbrattato la strada rovesciando dei contenitori di rifiuti. Questo mi intristisce ancor di pi\u00f9 perch\u00e9 questa gente \u00e8 consapevolmente idiota &amp; ignorante, felice ed orgogliosa di esserlo, ormai maggioranza rumorosa di questa decadente civilt\u00e0 in cui i motociclisti non sanno pi\u00f9 guidare ma devono tenere i piedi che sfiorano l&#8217;asfalto, per sicurezza.<\/p>\n<p><img loading=\"lazy\" decoding=\"async\" class=\"aligncenter size-full wp-image-15306\" src=\"http:\/\/www.stefanome.it\/blog\/wp-content\/uploads\/2018\/06\/gafom_l.gif\" alt=\"\" width=\"400\" height=\"310\" \/><\/p>\n<p>Versione pi\u00f9 grande di Give-A-Fuck-O-Meter. Vorrei conoscere il genio che ha fatto questo GIF animato e ringraziarlo.<\/p>\n<p><strong>Altro argomento grigio.<\/strong><\/p>\n<p><img loading=\"lazy\" decoding=\"async\" class=\"alignleft size-full wp-image-15308\" src=\"http:\/\/www.stefanome.it\/blog\/wp-content\/uploads\/2018\/06\/20180620_055622_04.jpg\" alt=\"\" width=\"320\" height=\"240\" srcset=\"http:\/\/www.stefanome.it\/blog\/wp-content\/uploads\/2018\/06\/20180620_055622_04.jpg 320w, http:\/\/www.stefanome.it\/blog\/wp-content\/uploads\/2018\/06\/20180620_055622_04-300x225.jpg 300w\" sizes=\"auto, (max-width: 320px) 100vw, 320px\" \/><\/p>\n<p>La mia espressione quando entro in ufficio. Ho settato questa webcam in modo da scattare foto se vede qualcosa di anomalo nelle ore notturne. Dato che entro in ufficio intorno alle 6 e mezza, mi fa una serie di foto e me le manda per e-mail. Dovrei cambiare settaggio o sorridere o sticazzi. Mi sta piombando addosso una subdola depressione estiva. Me ne accorgo perch\u00e8 vedo letteralmente pi\u00f9 scolorito e se immagino luoghi felici, li vedo grigi e provo disinteresse e mi chiuderei in ufficio dormendo sul divanetto e nutrendomi di vecchie pratiche. La fase pre-depressiva estiva si manifesta con sonnolenza, apatia e sudorazione delle mani. Poi arriva il grigiore.<\/p>\n<p>Ormai conosco questa merda e dunque non sono preoccupato. Sono solo un po&#8217; scocciato perch\u00e8 perdo tempo, faccio le cose male e controvoglia.<\/p>\n<p>Ma sticazzi.<\/p>\n","protected":false},"excerpt":{"rendered":"<p>Il piano di salvataggio era semplice; avrei citofonato gli inquilini dei numeri interni pi\u00f9 alti in modo da intercettare quelli che abitano all&#8217;ultimo piano e che hanno accesso al tetto. Poi avrei recuperato il piccolo gabbiano e lo avrei riportato &hellip; <a href=\"http:\/\/www.stefanome.it\/blog\/?p=15304\">Continue reading <span class=\"meta-nav\">&rarr;<\/span><\/a><\/p>\n","protected":false},"author":1,"featured_media":0,"comment_status":"open","ping_status":"open","sticky":false,"template":"","format":"standard","meta":{"footnotes":""},"categories":[1],"tags":[],"class_list":["post-15304","post","type-post","status-publish","format-standard","hentry","category-apc"],"_links":{"self":[{"href":"http:\/\/www.stefanome.it\/blog\/index.php?rest_route=\/wp\/v2\/posts\/15304","targetHints":{"allow":["GET"]}}],"collection":[{"href":"http:\/\/www.stefanome.it\/blog\/index.php?rest_route=\/wp\/v2\/posts"}],"about":[{"href":"http:\/\/www.stefanome.it\/blog\/index.php?rest_route=\/wp\/v2\/types\/post"}],"author":[{"embeddable":true,"href":"http:\/\/www.stefanome.it\/blog\/index.php?rest_route=\/wp\/v2\/users\/1"}],"replies":[{"embeddable":true,"href":"http:\/\/www.stefanome.it\/blog\/index.php?rest_route=%2Fwp%2Fv2%2Fcomments&post=15304"}],"version-history":[{"count":3,"href":"http:\/\/www.stefanome.it\/blog\/index.php?rest_route=\/wp\/v2\/posts\/15304\/revisions"}],"predecessor-version":[{"id":15309,"href":"http:\/\/www.stefanome.it\/blog\/index.php?rest_route=\/wp\/v2\/posts\/15304\/revisions\/15309"}],"wp:attachment":[{"href":"http:\/\/www.stefanome.it\/blog\/index.php?rest_route=%2Fwp%2Fv2%2Fmedia&parent=15304"}],"wp:term":[{"taxonomy":"category","embeddable":true,"href":"http:\/\/www.stefanome.it\/blog\/index.php?rest_route=%2Fwp%2Fv2%2Fcategories&post=15304"},{"taxonomy":"post_tag","embeddable":true,"href":"http:\/\/www.stefanome.it\/blog\/index.php?rest_route=%2Fwp%2Fv2%2Ftags&post=15304"}],"curies":[{"name":"wp","href":"https:\/\/api.w.org\/{rel}","templated":true}]}}