{"id":15006,"date":"2018-04-29T06:44:03","date_gmt":"2018-04-29T05:44:03","guid":{"rendered":"http:\/\/www.stefanome.it\/blog\/?p=15006"},"modified":"2018-04-29T06:44:03","modified_gmt":"2018-04-29T05:44:03","slug":"le-q2-e-q3-decollano","status":"publish","type":"post","link":"http:\/\/www.stefanome.it\/blog\/?p=15006","title":{"rendered":"Le Q2 e Q3 decollano."},"content":{"rendered":"<p><img loading=\"lazy\" decoding=\"async\" class=\"aligncenter size-full wp-image-15007\" src=\"http:\/\/www.stefanome.it\/blog\/wp-content\/uploads\/2018\/04\/grow.jpg\" alt=\"\" width=\"600\" height=\"450\" srcset=\"http:\/\/www.stefanome.it\/blog\/wp-content\/uploads\/2018\/04\/grow.jpg 600w, http:\/\/www.stefanome.it\/blog\/wp-content\/uploads\/2018\/04\/grow-300x225.jpg 300w\" sizes=\"auto, (max-width: 600px) 100vw, 600px\" \/><\/p>\n<p>La Q1 si \u00e8 sviluppata bene sin dal Febbraio 2015, mentre le Q2, 3, 4 e 5 hanno passato i primi tre anni a Basaluzzo cazzeggiando. Questa foto riprende la Q2 il giorno 28 Aprile 2018. Nel riquadro a sinistra la stessa 6 giorni prima, ossia il 22 Aprile 2018. Il ramo pi\u00f9 sviluppato, quello in alto e quasi verticale, misura 33 centimetri. Ho elaborato nella seguente tabella una previsione di quando la quercia sar\u00e0 pi\u00f9 alta del Passo dei Giovi.<\/p>\n<p><img loading=\"lazy\" decoding=\"async\" class=\"alignleft size-full wp-image-15008\" src=\"http:\/\/www.stefanome.it\/blog\/wp-content\/uploads\/2018\/04\/Cattura33.jpg\" alt=\"\" width=\"391\" height=\"275\" srcset=\"http:\/\/www.stefanome.it\/blog\/wp-content\/uploads\/2018\/04\/Cattura33.jpg 391w, http:\/\/www.stefanome.it\/blog\/wp-content\/uploads\/2018\/04\/Cattura33-300x211.jpg 300w\" sizes=\"auto, (max-width: 391px) 100vw, 391px\" \/><\/p>\n<p>Ovviamente sono dati talmente precisi da prendere senza discutere, ho utilizzato un metodo molto sofisticato che utilizzavo a scuola,\u00a0 si chiamano catenarie, questa \u00e8 rivisitata per l&#8217;occasione.\u00a0 Sono rimasto colpito da come sono potute crescere le Q2 e la Q3 in meno di una settimana. Insomma, sono cresciute pochissimo in tre anni e poi improvvisamente, <em>BAM<\/em>, 30 centimetri in pochi giorni, che neppure le creme per ingrandire il pene possono far tanto. Le Q4 e 5 invece sono palesemente di un modello diverso e stanno crescendo in orizzontale, o meglio si stanno sviluppando come un ombrello aperto, ma ancora lentamente. Se crescessero alla stessa velocit\u00e0 delle Q2 e 3, tra 10 anni ricoprirebbero completamente con i propri rami e le foglie i comuni di Basaluzzo, Francavilla e Pasturana. Non vedr\u00f2 le querce di Central Park arrivare a mezzo km di altezza, ma se vivo altri dieci anni le vedo arrivare a quasi cento metri, che \u00e8 un bel popo&#8217; di albero.<\/p>\n<p><img loading=\"lazy\" decoding=\"async\" class=\"aligncenter size-full wp-image-15009\" src=\"http:\/\/www.stefanome.it\/blog\/wp-content\/uploads\/2018\/04\/q3alya.jpg\" alt=\"\" width=\"400\" height=\"533\" srcset=\"http:\/\/www.stefanome.it\/blog\/wp-content\/uploads\/2018\/04\/q3alya.jpg 400w, http:\/\/www.stefanome.it\/blog\/wp-content\/uploads\/2018\/04\/q3alya-225x300.jpg 225w\" sizes=\"auto, (max-width: 400px) 100vw, 400px\" \/><\/p>\n<p>Questa \u00e8 la Q1, che ha superato i 3 metri. Ha la chioma della forma che non ti aspetti, con un anello di rami a poco meno di un metro di altezza, poi un tronco lungo e sottile e sopra una specia di pennacchio. Francamente non ho mai visto nulla del genere, ma forse \u00e8 la mutazione genetica derivante dall&#8217;aver percorso 7 ore in aereo, bombardata dai raggi cosmici che a 10.000 metri di altezza sono belli forti. Probabilmente ho scoperto come garantire al pianeta il mantenimento di un ecosistema stabile grazie a superquerce che crescono in modo straordinariamente veloce assorbendo tutta la CO2 presente in atmosfera. Quando l&#8217;aria sar\u00e0 satura di ossigeno, un cretino da qualche parte si accender\u00e0 una sigaretta e l&#8217;ossigeno prender\u00e0 fuoco esplodendo e bruciando in un istante tutte le forme di vita ad eccezione delle arselle. Finir\u00f2 sui libri di storia, delle arselle.<\/p>\n","protected":false},"excerpt":{"rendered":"<p>La Q1 si \u00e8 sviluppata bene sin dal Febbraio 2015, mentre le Q2, 3, 4 e 5 hanno passato i primi tre anni a Basaluzzo cazzeggiando. Questa foto riprende la Q2 il giorno 28 Aprile 2018. Nel riquadro a sinistra &hellip; <a href=\"http:\/\/www.stefanome.it\/blog\/?p=15006\">Continue reading <span class=\"meta-nav\">&rarr;<\/span><\/a><\/p>\n","protected":false},"author":1,"featured_media":0,"comment_status":"open","ping_status":"open","sticky":false,"template":"","format":"standard","meta":{"footnotes":""},"categories":[1],"tags":[],"class_list":["post-15006","post","type-post","status-publish","format-standard","hentry","category-apc"],"_links":{"self":[{"href":"http:\/\/www.stefanome.it\/blog\/index.php?rest_route=\/wp\/v2\/posts\/15006","targetHints":{"allow":["GET"]}}],"collection":[{"href":"http:\/\/www.stefanome.it\/blog\/index.php?rest_route=\/wp\/v2\/posts"}],"about":[{"href":"http:\/\/www.stefanome.it\/blog\/index.php?rest_route=\/wp\/v2\/types\/post"}],"author":[{"embeddable":true,"href":"http:\/\/www.stefanome.it\/blog\/index.php?rest_route=\/wp\/v2\/users\/1"}],"replies":[{"embeddable":true,"href":"http:\/\/www.stefanome.it\/blog\/index.php?rest_route=%2Fwp%2Fv2%2Fcomments&post=15006"}],"version-history":[{"count":2,"href":"http:\/\/www.stefanome.it\/blog\/index.php?rest_route=\/wp\/v2\/posts\/15006\/revisions"}],"predecessor-version":[{"id":15011,"href":"http:\/\/www.stefanome.it\/blog\/index.php?rest_route=\/wp\/v2\/posts\/15006\/revisions\/15011"}],"wp:attachment":[{"href":"http:\/\/www.stefanome.it\/blog\/index.php?rest_route=%2Fwp%2Fv2%2Fmedia&parent=15006"}],"wp:term":[{"taxonomy":"category","embeddable":true,"href":"http:\/\/www.stefanome.it\/blog\/index.php?rest_route=%2Fwp%2Fv2%2Fcategories&post=15006"},{"taxonomy":"post_tag","embeddable":true,"href":"http:\/\/www.stefanome.it\/blog\/index.php?rest_route=%2Fwp%2Fv2%2Ftags&post=15006"}],"curies":[{"name":"wp","href":"https:\/\/api.w.org\/{rel}","templated":true}]}}