{"id":14855,"date":"2018-04-02T14:36:46","date_gmt":"2018-04-02T13:36:46","guid":{"rendered":"http:\/\/www.stefanome.it\/blog\/?p=14855"},"modified":"2018-04-03T02:20:13","modified_gmt":"2018-04-03T01:20:13","slug":"non-e-una-noreaster","status":"publish","type":"post","link":"http:\/\/www.stefanome.it\/blog\/?p=14855","title":{"rendered":"Non \u00e8 una Nor&#8217;easter"},"content":{"rendered":"<p><img loading=\"lazy\" decoding=\"async\" class=\"alignleft size-full wp-image-5249\" src=\"http:\/\/www.stefanome.it\/blog\/wp-content\/uploads\/2013\/11\/iloveNY.jpg\" alt=\"\" width=\"50\" height=\"13\" \/><\/p>\n<p>&nbsp;<\/p>\n<div id=\"attachment_14856\" style=\"width: 1290px\" class=\"wp-caption aligncenter\"><img loading=\"lazy\" decoding=\"async\" aria-describedby=\"caption-attachment-14856\" class=\"wp-image-14856 size-full\" src=\"http:\/\/www.stefanome.it\/blog\/wp-content\/uploads\/2018\/04\/huge.jpg\" alt=\"\" width=\"1280\" height=\"960\" srcset=\"http:\/\/www.stefanome.it\/blog\/wp-content\/uploads\/2018\/04\/huge.jpg 1280w, http:\/\/www.stefanome.it\/blog\/wp-content\/uploads\/2018\/04\/huge-300x225.jpg 300w, http:\/\/www.stefanome.it\/blog\/wp-content\/uploads\/2018\/04\/huge-768x576.jpg 768w, http:\/\/www.stefanome.it\/blog\/wp-content\/uploads\/2018\/04\/huge-1024x768.jpg 1024w\" sizes=\"auto, (max-width: 1280px) 100vw, 1280px\" \/><p id=\"caption-attachment-14856\" class=\"wp-caption-text\">Clicca<\/p><\/div>\n<p>La temperatura\u00a0\u00e8 sopra lo zero, dunque\u00a0\u00e8 una nevicata abbondante, scenografica, ma non sembra destinata a restare nella memoria. Con 3 gradi di meno sarebbe tutta un&#8217;altra storia, ma\u00a0\u00e8 il 2 di Aprile ed il sole comunque filtra sotto le nuvole e riscalda quanto serve le superfici artificiali come strade, marciapiedi binari e pavimenti degli aeroporti. Entro questa sera dovrebbe essersi sciolta quasi tutta. Ammetto che\u00a0io non pensavo se ne sarebbe accumulata cos\u00ec tanta. Prevedere gli accumuli di neve\u00a0\u00e8 sempre un esercizio difficile, sopratutto in queste condizioni di confine.<\/p>\n<div id=\"attachment_14858\" style=\"width: 310px\" class=\"wp-caption alignright\"><img loading=\"lazy\" decoding=\"async\" aria-describedby=\"caption-attachment-14858\" class=\"wp-image-14858 size-full\" src=\"http:\/\/www.stefanome.it\/blog\/wp-content\/uploads\/2018\/04\/mirigr.jpg\" alt=\"\" width=\"300\" height=\"400\" srcset=\"http:\/\/www.stefanome.it\/blog\/wp-content\/uploads\/2018\/04\/mirigr.jpg 300w, http:\/\/www.stefanome.it\/blog\/wp-content\/uploads\/2018\/04\/mirigr-225x300.jpg 225w\" sizes=\"auto, (max-width: 300px) 100vw, 300px\" \/><p id=\"caption-attachment-14858\" class=\"wp-caption-text\">Miriam che esce di casa.<\/p><\/div>\n<p>Nonostante la scarsa pericolosit\u00e0 della precipitazione, l&#8217;effetto scenico della neve, il fatto di non avere rampe e salite da percorrere in salita o discesa, i marciapiedi puliti e la temperatura non certo particolarmente rigida, c&#8217;\u00e8 chi si lamenta. Il vero pericolo consiste in realt\u00e0 nel perdere il controllo della tonicit\u00e0 dei propri muscoli, segnatamente quelli che maggiormente tendono a cedere alla forza di gravit\u00e0. E dunque la palestra a soli 4 blocchi di distanza impone la seduta mattutina a dispetto delle condizioni meteo. Miriam con i doposci in tenuta invernale \u00e8 tenera, ma dalla sua bocca escono espressioni di disappunto che non sono adatte ad un pubblico di persone sensibili.<\/p>\n<p><img loading=\"lazy\" decoding=\"async\" class=\"aligncenter size-full wp-image-14859\" src=\"http:\/\/www.stefanome.it\/blog\/wp-content\/uploads\/2018\/04\/dubi.jpg\" alt=\"\" width=\"600\" height=\"450\" srcset=\"http:\/\/www.stefanome.it\/blog\/wp-content\/uploads\/2018\/04\/dubi.jpg 600w, http:\/\/www.stefanome.it\/blog\/wp-content\/uploads\/2018\/04\/dubi-300x225.jpg 300w\" sizes=\"auto, (max-width: 600px) 100vw, 600px\" \/><\/p>\n<p><img loading=\"lazy\" decoding=\"async\" class=\"aligncenter size-full wp-image-14860\" src=\"http:\/\/www.stefanome.it\/blog\/wp-content\/uploads\/2018\/04\/terra.jpg\" alt=\"\" width=\"600\" height=\"450\" srcset=\"http:\/\/www.stefanome.it\/blog\/wp-content\/uploads\/2018\/04\/terra.jpg 600w, http:\/\/www.stefanome.it\/blog\/wp-content\/uploads\/2018\/04\/terra-300x225.jpg 300w\" sizes=\"auto, (max-width: 600px) 100vw, 600px\" \/><\/p>\n<p>In linea puramente teorica sarebbe simpatico andare nel Central Park a fare due passi. Ma qui si sta al caldo, ci sono generi di conforto come biscotti, finisco di scrivere queste belinate e poi mi metto a leggere un libro.<\/p>\n<p><strong>Altro, illustre argomento.<\/strong><\/p>\n<p><img loading=\"lazy\" decoding=\"async\" class=\"alignright size-full wp-image-14863\" src=\"http:\/\/www.stefanome.it\/blog\/wp-content\/uploads\/2018\/04\/sono.jpg\" alt=\"\" width=\"243\" height=\"317\" srcset=\"http:\/\/www.stefanome.it\/blog\/wp-content\/uploads\/2018\/04\/sono.jpg 243w, http:\/\/www.stefanome.it\/blog\/wp-content\/uploads\/2018\/04\/sono-230x300.jpg 230w\" sizes=\"auto, (max-width: 243px) 100vw, 243px\" \/><\/p>\n<p><em>Ho gi\u00e0 scritto quanto segue 100 volte.<\/em> Questo tipo di messaggi ad un primo, superficiale giudizio potrebbero erroneamente sembrare far parte della sfera della meteorologia, se piove. Oppure al nuoto, nel caso di manifestazioni sportive. Invece parla di sesso, o roba simile.\u00a0 Il genere &#8211; maschile &#8211; credo che non sia quello previsto dal mittente. Il traduttore ha ingannato il latore che sono certo volesse dire &#8220;<em>bagnata<\/em>&#8220;, parola che nel pubblico maschile etero suscita emozioni a non finire. Ma sto dicendo cose scontate. D&#8217;altronde Natalya lascia intendere che chi spedisce questa posta\u00a0\u00e8 una donna, di 26 anni, giusto l&#8217;et\u00e0 che mi potrebbe interessare per intrattenermi con una bella relazione densa di sentimenti.<\/p>\n<p>Comunque mi rendo conto che la differenza di genere crea una enorme differenza in prospettiva. Ho elaborato un semplice riferimento tabellare.<\/p>\n<p><img loading=\"lazy\" decoding=\"async\" class=\"aligncenter size-full wp-image-14866\" src=\"http:\/\/www.stefanome.it\/blog\/wp-content\/uploads\/2018\/04\/uomodo.jpg\" alt=\"\" width=\"493\" height=\"265\" srcset=\"http:\/\/www.stefanome.it\/blog\/wp-content\/uploads\/2018\/04\/uomodo.jpg 493w, http:\/\/www.stefanome.it\/blog\/wp-content\/uploads\/2018\/04\/uomodo-300x161.jpg 300w\" sizes=\"auto, (max-width: 493px) 100vw, 493px\" \/><\/p>\n<p>Nel link, da qualche parte, c&#8217;\u00e8 un &#8220;ru&#8221; che ne suggerisce l&#8217;area di provenienza. Magari\u00a0\u00e8 la ragazza che mi ha tagliato i capelli qualche giorno fa. Potrei passare e chiederglielo.<\/p>\n<p>Poteva mancare, in conclusione della giornata, un filmato fatto con il telefono cui ho aggiunto una colonna sonora sfigata sulla quale per\u00f2 non mi stracceranno le balle con questioni di copyright ? No.<\/p>\n<p><iframe loading=\"lazy\" title=\"New York April 2018 Snow\" width=\"640\" height=\"360\" src=\"https:\/\/www.youtube.com\/embed\/KyiCobQK_E8?feature=oembed\" frameborder=\"0\" allow=\"accelerometer; autoplay; clipboard-write; encrypted-media; gyroscope; picture-in-picture; web-share\" referrerpolicy=\"strict-origin-when-cross-origin\" allowfullscreen><\/iframe><\/p>\n","protected":false},"excerpt":{"rendered":"<p>&nbsp; La temperatura\u00a0\u00e8 sopra lo zero, dunque\u00a0\u00e8 una nevicata abbondante, scenografica, ma non sembra destinata a restare nella memoria. Con 3 gradi di meno sarebbe tutta un&#8217;altra storia, ma\u00a0\u00e8 il 2 di Aprile ed il sole comunque filtra sotto le &hellip; <a href=\"http:\/\/www.stefanome.it\/blog\/?p=14855\">Continue reading <span class=\"meta-nav\">&rarr;<\/span><\/a><\/p>\n","protected":false},"author":1,"featured_media":0,"comment_status":"open","ping_status":"open","sticky":false,"template":"","format":"standard","meta":{"footnotes":""},"categories":[1],"tags":[],"class_list":["post-14855","post","type-post","status-publish","format-standard","hentry","category-apc"],"_links":{"self":[{"href":"http:\/\/www.stefanome.it\/blog\/index.php?rest_route=\/wp\/v2\/posts\/14855","targetHints":{"allow":["GET"]}}],"collection":[{"href":"http:\/\/www.stefanome.it\/blog\/index.php?rest_route=\/wp\/v2\/posts"}],"about":[{"href":"http:\/\/www.stefanome.it\/blog\/index.php?rest_route=\/wp\/v2\/types\/post"}],"author":[{"embeddable":true,"href":"http:\/\/www.stefanome.it\/blog\/index.php?rest_route=\/wp\/v2\/users\/1"}],"replies":[{"embeddable":true,"href":"http:\/\/www.stefanome.it\/blog\/index.php?rest_route=%2Fwp%2Fv2%2Fcomments&post=14855"}],"version-history":[{"count":5,"href":"http:\/\/www.stefanome.it\/blog\/index.php?rest_route=\/wp\/v2\/posts\/14855\/revisions"}],"predecessor-version":[{"id":14867,"href":"http:\/\/www.stefanome.it\/blog\/index.php?rest_route=\/wp\/v2\/posts\/14855\/revisions\/14867"}],"wp:attachment":[{"href":"http:\/\/www.stefanome.it\/blog\/index.php?rest_route=%2Fwp%2Fv2%2Fmedia&parent=14855"}],"wp:term":[{"taxonomy":"category","embeddable":true,"href":"http:\/\/www.stefanome.it\/blog\/index.php?rest_route=%2Fwp%2Fv2%2Fcategories&post=14855"},{"taxonomy":"post_tag","embeddable":true,"href":"http:\/\/www.stefanome.it\/blog\/index.php?rest_route=%2Fwp%2Fv2%2Ftags&post=14855"}],"curies":[{"name":"wp","href":"https:\/\/api.w.org\/{rel}","templated":true}]}}