{"id":14781,"date":"2018-03-16T07:43:25","date_gmt":"2018-03-16T06:43:25","guid":{"rendered":"http:\/\/www.stefanome.it\/blog\/?p=14781"},"modified":"2018-03-16T07:43:25","modified_gmt":"2018-03-16T06:43:25","slug":"gabbiani-1-0","status":"publish","type":"post","link":"http:\/\/www.stefanome.it\/blog\/?p=14781","title":{"rendered":"Gabbiani 1.0"},"content":{"rendered":"<p>Ecco un potenziale soggetto tormentone di questa nuova location di cazzate. I gabbiani vivono qui da ben prima di me e mi sento osservato da questi pennuti che stazionano sul tetto di una casa a fianco. Le foto potrebbero raggiungere un numero elevatissimo in poco tempo.<\/p>\n<p><img loading=\"lazy\" decoding=\"async\" class=\"aligncenter size-full wp-image-14782\" src=\"http:\/\/www.stefanome.it\/blog\/wp-content\/uploads\/2018\/03\/DSC00137.jpg\" alt=\"\" width=\"640\" height=\"480\" srcset=\"http:\/\/www.stefanome.it\/blog\/wp-content\/uploads\/2018\/03\/DSC00137.jpg 640w, http:\/\/www.stefanome.it\/blog\/wp-content\/uploads\/2018\/03\/DSC00137-300x225.jpg 300w\" sizes=\"auto, (max-width: 640px) 100vw, 640px\" \/><\/p>\n<p>Su questo tetto fanno i piccoli. Li avevo notati lo scorso anno durante i lavori ed anche gli operai che lavoravano sul tetto me li avevano segnalati. Credo questa sia una coppia stabile. Dovrei spruzzarli con della vernice per determinare che sono sempre loro e non delle controfigure che ne imitano la voce. Anzi, potrei comprare l&#8217;attrezzatura per sparare i proiettiti di vernice e poi segnarli tutti e fare un documentario. &#8220;<em>Questo esemplare maschio senza un occhio \u00e8 compagno di questa femmina con una zampa scivertata<\/em>&#8221; Perch\u00e8 non \u00e8 facile sparare e pu\u00f2 succedere di centrare un occhio o una gambetta sottile sottile.<\/p>\n<p><img loading=\"lazy\" decoding=\"async\" class=\"aligncenter size-full wp-image-14783\" src=\"http:\/\/www.stefanome.it\/blog\/wp-content\/uploads\/2018\/03\/DSC00130.jpg\" alt=\"\" width=\"630\" height=\"472\" srcset=\"http:\/\/www.stefanome.it\/blog\/wp-content\/uploads\/2018\/03\/DSC00130.jpg 630w, http:\/\/www.stefanome.it\/blog\/wp-content\/uploads\/2018\/03\/DSC00130-300x225.jpg 300w\" sizes=\"auto, (max-width: 630px) 100vw, 630px\" \/><\/p>\n<p>Quest&#8217;altra foto riprende la coppia in un momento di intimit\u00e0. Credo che lei stia schiacciando un punto nero sulla faccia di lui. Si, quella intorno \u00e8 la neve fluttuante di qualche giorno fa.<\/p>\n","protected":false},"excerpt":{"rendered":"<p>Ecco un potenziale soggetto tormentone di questa nuova location di cazzate. I gabbiani vivono qui da ben prima di me e mi sento osservato da questi pennuti che stazionano sul tetto di una casa a fianco. Le foto potrebbero raggiungere &hellip; <a href=\"http:\/\/www.stefanome.it\/blog\/?p=14781\">Continue reading <span class=\"meta-nav\">&rarr;<\/span><\/a><\/p>\n","protected":false},"author":1,"featured_media":0,"comment_status":"open","ping_status":"open","sticky":false,"template":"","format":"standard","meta":{"footnotes":""},"categories":[1],"tags":[],"class_list":["post-14781","post","type-post","status-publish","format-standard","hentry","category-apc"],"_links":{"self":[{"href":"http:\/\/www.stefanome.it\/blog\/index.php?rest_route=\/wp\/v2\/posts\/14781","targetHints":{"allow":["GET"]}}],"collection":[{"href":"http:\/\/www.stefanome.it\/blog\/index.php?rest_route=\/wp\/v2\/posts"}],"about":[{"href":"http:\/\/www.stefanome.it\/blog\/index.php?rest_route=\/wp\/v2\/types\/post"}],"author":[{"embeddable":true,"href":"http:\/\/www.stefanome.it\/blog\/index.php?rest_route=\/wp\/v2\/users\/1"}],"replies":[{"embeddable":true,"href":"http:\/\/www.stefanome.it\/blog\/index.php?rest_route=%2Fwp%2Fv2%2Fcomments&post=14781"}],"version-history":[{"count":1,"href":"http:\/\/www.stefanome.it\/blog\/index.php?rest_route=\/wp\/v2\/posts\/14781\/revisions"}],"predecessor-version":[{"id":14784,"href":"http:\/\/www.stefanome.it\/blog\/index.php?rest_route=\/wp\/v2\/posts\/14781\/revisions\/14784"}],"wp:attachment":[{"href":"http:\/\/www.stefanome.it\/blog\/index.php?rest_route=%2Fwp%2Fv2%2Fmedia&parent=14781"}],"wp:term":[{"taxonomy":"category","embeddable":true,"href":"http:\/\/www.stefanome.it\/blog\/index.php?rest_route=%2Fwp%2Fv2%2Fcategories&post=14781"},{"taxonomy":"post_tag","embeddable":true,"href":"http:\/\/www.stefanome.it\/blog\/index.php?rest_route=%2Fwp%2Fv2%2Ftags&post=14781"}],"curies":[{"name":"wp","href":"https:\/\/api.w.org\/{rel}","templated":true}]}}