{"id":14749,"date":"2018-03-13T14:56:26","date_gmt":"2018-03-13T13:56:26","guid":{"rendered":"http:\/\/www.stefanome.it\/blog\/?p=14749"},"modified":"2018-03-13T14:59:01","modified_gmt":"2018-03-13T13:59:01","slug":"altra-neve","status":"publish","type":"post","link":"http:\/\/www.stefanome.it\/blog\/?p=14749","title":{"rendered":"Altra neve."},"content":{"rendered":"<p>Ma a New York.<\/p>\n<p><img loading=\"lazy\" decoding=\"async\" class=\"aligncenter size-full wp-image-14750\" src=\"http:\/\/www.stefanome.it\/blog\/wp-content\/uploads\/2018\/03\/current.jpg\" alt=\"\" width=\"640\" height=\"480\" srcset=\"http:\/\/www.stefanome.it\/blog\/wp-content\/uploads\/2018\/03\/current.jpg 640w, http:\/\/www.stefanome.it\/blog\/wp-content\/uploads\/2018\/03\/current-300x225.jpg 300w\" sizes=\"auto, (max-width: 640px) 100vw, 640px\" \/><\/p>\n<p>Invece qui a Genova oggi \u00e8 una bellissima giornata caldo-mediterranea e si sta benone. Oggi ho preso la macchina e mi avanzava una mezzoretta. Cosa fa l&#8217;italiano medio in automobile quando gli avanza una mezzoretta ? La porta a lavare. Gli spazzoloni dell&#8217;autolavaggio si sono fermati a met\u00e0, inchiodati e spenti. Forse un cortocircuito. A fatica sono riuscito a risalire in auto per toglierla da li, e mentre sto smoccolando e cerco di uscire senza infrangere gli specchi retrovisori, mi suona il telefono. E&#8217; la Tim Rete Fissa da Roma ed un gentile funzionario mi contatta per fissare l&#8217;appuntamento per mettere la Fibra a casa. Gli ho risposto che se vuole posso programmare un appuntamento per il Marzo 2022, perch\u00e8 prima di allora la fibra a casa mia non \u00e8 previsto che arrivi. Dall&#8217;altra parte del telefono silenzio, l&#8217;uomo di Roma non capisce o non \u00e8 settato per l&#8217;ironia. Allora gli spiego che ho gi\u00e0 l&#8217;ADSL da qualche giorno ma non posso avere la Fibra perch\u00e8 eccetera eccetera. L&#8217;uomo di Tim sembra aver capito e mi conferma che rinuncio alla Fibra. Ma mi propone di vestirmi da Peter Pan a soli 2 euro al minuto pi\u00f9 400 mila scatti alla risposta. No grazie, mi tengo l&#8217;ADSL senza strutto.<\/p>\n","protected":false},"excerpt":{"rendered":"<p>Ma a New York. Invece qui a Genova oggi \u00e8 una bellissima giornata caldo-mediterranea e si sta benone. Oggi ho preso la macchina e mi avanzava una mezzoretta. Cosa fa l&#8217;italiano medio in automobile quando gli avanza una mezzoretta ? &hellip; <a href=\"http:\/\/www.stefanome.it\/blog\/?p=14749\">Continue reading <span class=\"meta-nav\">&rarr;<\/span><\/a><\/p>\n","protected":false},"author":1,"featured_media":0,"comment_status":"open","ping_status":"open","sticky":false,"template":"","format":"standard","meta":{"footnotes":""},"categories":[1],"tags":[],"class_list":["post-14749","post","type-post","status-publish","format-standard","hentry","category-apc"],"_links":{"self":[{"href":"http:\/\/www.stefanome.it\/blog\/index.php?rest_route=\/wp\/v2\/posts\/14749","targetHints":{"allow":["GET"]}}],"collection":[{"href":"http:\/\/www.stefanome.it\/blog\/index.php?rest_route=\/wp\/v2\/posts"}],"about":[{"href":"http:\/\/www.stefanome.it\/blog\/index.php?rest_route=\/wp\/v2\/types\/post"}],"author":[{"embeddable":true,"href":"http:\/\/www.stefanome.it\/blog\/index.php?rest_route=\/wp\/v2\/users\/1"}],"replies":[{"embeddable":true,"href":"http:\/\/www.stefanome.it\/blog\/index.php?rest_route=%2Fwp%2Fv2%2Fcomments&post=14749"}],"version-history":[{"count":2,"href":"http:\/\/www.stefanome.it\/blog\/index.php?rest_route=\/wp\/v2\/posts\/14749\/revisions"}],"predecessor-version":[{"id":14752,"href":"http:\/\/www.stefanome.it\/blog\/index.php?rest_route=\/wp\/v2\/posts\/14749\/revisions\/14752"}],"wp:attachment":[{"href":"http:\/\/www.stefanome.it\/blog\/index.php?rest_route=%2Fwp%2Fv2%2Fmedia&parent=14749"}],"wp:term":[{"taxonomy":"category","embeddable":true,"href":"http:\/\/www.stefanome.it\/blog\/index.php?rest_route=%2Fwp%2Fv2%2Fcategories&post=14749"},{"taxonomy":"post_tag","embeddable":true,"href":"http:\/\/www.stefanome.it\/blog\/index.php?rest_route=%2Fwp%2Fv2%2Ftags&post=14749"}],"curies":[{"name":"wp","href":"https:\/\/api.w.org\/{rel}","templated":true}]}}