{"id":14473,"date":"2018-01-15T13:56:58","date_gmt":"2018-01-15T12:56:58","guid":{"rendered":"http:\/\/www.stefanome.it\/blog\/?p=14473"},"modified":"2018-01-15T13:56:58","modified_gmt":"2018-01-15T12:56:58","slug":"the-party","status":"publish","type":"post","link":"http:\/\/www.stefanome.it\/blog\/?p=14473","title":{"rendered":"The Party"},"content":{"rendered":"<p>Film con Peter Sellers. Quando noi, sempre pi\u00f9 di rado, veniamo invitati ad una festa, siamo sinceramente grati a chi ci invita. Lo dico perch\u00e8 io alle feste talvolta mi rendo conto di sembrare la persona pi\u00f9 annoiata della galassia. In genere mi isolo in un punto lontando da rumori e persone e mi metto in pausa aspettando che Miriam mi venga a riattivare per andare a casa. In realt\u00e0 io partecipo agli svaghi, ma non voglio ostentare. Miriam invece \u00e8 contenta per due, perch\u00e8 \u00e8 molto pi\u00f9 sociale e perch\u00e8 quando c&#8217;\u00e8 musica, si mette a ballare. Ma prima di uscire per raggiungere gli amici, dobbiamo andare attraverso la lunga e complessa fase di vestizione di Miriam.<\/p>\n<p><img loading=\"lazy\" decoding=\"async\" class=\"alignright size-full wp-image-14479\" src=\"http:\/\/www.stefanome.it\/blog\/wp-content\/uploads\/2018\/01\/fes03.jpg\" alt=\"\" width=\"380\" height=\"480\" srcset=\"http:\/\/www.stefanome.it\/blog\/wp-content\/uploads\/2018\/01\/fes03.jpg 380w, http:\/\/www.stefanome.it\/blog\/wp-content\/uploads\/2018\/01\/fes03-238x300.jpg 238w\" sizes=\"auto, (max-width: 380px) 100vw, 380px\" \/>Io mi vesto sempre nella stessa maniera da quando avevo 20 anni e ci metto un paio di minuti. Sembro Mr. Bean, ma \u00e8 un abbigliamento can-che-fugge neutro e triste che mi fa sentire totalmente trasparente, anonimo, vecchio, dunque perfetto. Miriam invece deve aprire un tavolo di consultazione telefonico con alcune sue amiche per determinare la sfumatura esatta del vestito. La difficolt\u00e0 \u00e8 nel decidere un vestito che non sia troppo informale o troppo elegante. Perch\u00e8 la competizione con le amiche e le conoscenti che si possono incontrare \u00e8 feroce. Se tutte sono eleganti e tu ti presenti sottomessa, sei sottomessa, sciatta, brutta, povera ed inaccettabile. Altrimenti se sei sopra le righe sei, appunto, sopra le righe; una esibizionista, fuoriluogo, esagerata, ostentarice, sciantosa, pretestuosa.\u00a0 Ieri sera ha deciso di vestirsi come un pannello votovoltaico (un vestito ricoperto di paillettes di materiale plastico), sia perch\u00e8 si sente a proprio agio e poi per poter ricaricare il telefono nel caso la batteria cedesse.<\/p>\n<p><img loading=\"lazy\" decoding=\"async\" class=\"alignleft size-full wp-image-14477\" src=\"http:\/\/www.stefanome.it\/blog\/wp-content\/uploads\/2018\/01\/fes02.jpg\" alt=\"\" width=\"380\" height=\"480\" srcset=\"http:\/\/www.stefanome.it\/blog\/wp-content\/uploads\/2018\/01\/fes02.jpg 380w, http:\/\/www.stefanome.it\/blog\/wp-content\/uploads\/2018\/01\/fes02-238x300.jpg 238w\" sizes=\"auto, (max-width: 380px) 100vw, 380px\" \/><\/p>\n<p>Un problema aggiuntivo che si presenta quando la temperatura esterna \u00e8 inferiore a 30 gradi, \u00e8 che il vestito deve anche rappresentare un buon isolamento dalle temperature rigide. Purtroppo spesso i vestitini da festicciola sono fatti di tessuti sottilissimi e per nulla coibenti. Il vestito fotovoltaico conduce calore come pochi altri elementi in natura. Rischi di fare la figa ma poi tornare a casa con la bronchite.<\/p>\n<p>Questo problema termico deve essere fronteggiato con una accurata scelta di biancheria da mettere sotto il vestito. Il problema non \u00e8 lieve e varia in funzione del decimo di grado di temperatura esterna. Il risultato deve proteggere Miriam dal congelamento ma anche dal surriscaldamento.<\/p>\n<p>Per esempio, una maglia in capilene ha un ottimo potere coibente ma ha una tessitura che rende difficilissimo far scorrere sopra qualsiasi altro capo di abbigliamento. Dopo essersi infilata il capilene a triplo strato e, con immensi sforzi, il vestito energeticamente rinnovabile, Miriam ha scoperto che in pochi attimi la temperatura interna \u00e8 salita a livelli di fusione nucleare.<\/p>\n<p><img loading=\"lazy\" decoding=\"async\" class=\"alignright size-full wp-image-14480\" src=\"http:\/\/www.stefanome.it\/blog\/wp-content\/uploads\/2018\/01\/fes04.jpg\" alt=\"\" width=\"380\" height=\"480\" srcset=\"http:\/\/www.stefanome.it\/blog\/wp-content\/uploads\/2018\/01\/fes04.jpg 380w, http:\/\/www.stefanome.it\/blog\/wp-content\/uploads\/2018\/01\/fes04-238x300.jpg 238w\" sizes=\"auto, (max-width: 380px) 100vw, 380px\" \/><\/p>\n<p>Allora \u00e8 sorta la necessit\u00e0 di togliersi immediatamente il capilene sfilandosi per\u00f2 il vestito elettricamente rilevante e la cosa ha presentato delle difficolt\u00e0 che solo il mio intervento le ha permesso di completare prima di trasformarsi in una palla di luce e distruggere tutta la collina del Righi per poi proseguire con l&#8217;intero pianeta ed il Sistema Solare.<\/p>\n<p>Miriam con tutto lo sfregamento causato dal metti-togli ha accumulato elettricit\u00e0 che si \u00e8 scaricata al suolo con il rumore di un tuono. Per fortuna in cortile c&#8217;\u00e8 una puntazza che \u00e8 dimensionata per l&#8217;intera rete ferroviaria italiana e dunque non ci sono state conseguenze per la popolazione. Abbiamo per\u00f2 faticato a spegnere la televisione e la lavatrice che si erano accese per effetto dell&#8217;enorme quantit\u00e0 di energia accumulatasi durante lo sfregamento dei due diversi tessuti. Alcuni mobili si sono spostati e dei cassetti si sono aperti e richiusi ripetutamente. Un vicino ha raccontato che gli \u00e8 squillato il telefono ma con una suoneria che ricordava un coro religioso. In auto ogni tanto Miriam emetteva bagliori azzurrognoli e sfrigolii da alta tensione.<\/p>\n<p>&nbsp;<\/p>\n<div id=\"attachment_14481\" style=\"width: 410px\" class=\"wp-caption aligncenter\"><img loading=\"lazy\" decoding=\"async\" aria-describedby=\"caption-attachment-14481\" class=\"wp-image-14481 size-full\" src=\"http:\/\/www.stefanome.it\/blog\/wp-content\/uploads\/2018\/01\/fes06.jpg\" alt=\"\" width=\"400\" height=\"300\" srcset=\"http:\/\/www.stefanome.it\/blog\/wp-content\/uploads\/2018\/01\/fes06.jpg 400w, http:\/\/www.stefanome.it\/blog\/wp-content\/uploads\/2018\/01\/fes06-300x225.jpg 300w\" sizes=\"auto, (max-width: 400px) 100vw, 400px\" \/><p id=\"caption-attachment-14481\" class=\"wp-caption-text\">Foto di una statua di terracotta che rappresenta una scrofa. Non sapevo che i genitali esterni di una scrofa fossero cos\u00ec simili a quelli della specie umana. O sono io che ricordo male.<\/p><\/div>\n<p>&nbsp;<\/p>\n<p>Io non ballo, mi vergogno. Ma la quasi totalit\u00e0 dei miei coetanei balla. Alcuni di loro sembrano divertirsi genuinamente, come Miriam, altri sembra lo facciano per esorcizzare la morte o qualche malattia esantematica e mi verrebbe voglia di andar da loro sulla pista, metter loro un braccio intorno alle spalle e dire &#8220;dai su, non fare cos\u00ec, vieni a berti qualcosa e non ci pensare&#8221;.<\/p>\n<p>Grazie alla serata ho scoperto che sul telefono ho un word pad con il quale posso scrivere, poi posso fare uno screenshot di quello che ho scritto, fare un cropping dell&#8217;immagine, metterla sullo schermo ed andare dal DJ, mettermi di fronte a lui, richiamare la sua attenzione e mostrargli:<\/p>\n<p><img loading=\"lazy\" decoding=\"async\" class=\"aligncenter size-full wp-image-14482\" src=\"http:\/\/www.stefanome.it\/blog\/wp-content\/uploads\/2018\/01\/fes07.jpg\" alt=\"\" width=\"600\" height=\"155\" srcset=\"http:\/\/www.stefanome.it\/blog\/wp-content\/uploads\/2018\/01\/fes07.jpg 600w, http:\/\/www.stefanome.it\/blog\/wp-content\/uploads\/2018\/01\/fes07-300x78.jpg 300w\" sizes=\"auto, (max-width: 600px) 100vw, 600px\" \/><\/p>\n<p>Lui ha riso di gusto e mi ha confessato che anche lui la detesta, ma gliela chiedono e dunque ha dovuto mettere su qualche merda di canzonetta di moda cantata da burini ambosesso.<\/p>\n","protected":false},"excerpt":{"rendered":"<p>Film con Peter Sellers. Quando noi, sempre pi\u00f9 di rado, veniamo invitati ad una festa, siamo sinceramente grati a chi ci invita. Lo dico perch\u00e8 io alle feste talvolta mi rendo conto di sembrare la persona pi\u00f9 annoiata della galassia. &hellip; <a href=\"http:\/\/www.stefanome.it\/blog\/?p=14473\">Continue reading <span class=\"meta-nav\">&rarr;<\/span><\/a><\/p>\n","protected":false},"author":1,"featured_media":0,"comment_status":"open","ping_status":"open","sticky":false,"template":"","format":"standard","meta":{"footnotes":""},"categories":[1],"tags":[],"class_list":["post-14473","post","type-post","status-publish","format-standard","hentry","category-apc"],"_links":{"self":[{"href":"http:\/\/www.stefanome.it\/blog\/index.php?rest_route=\/wp\/v2\/posts\/14473","targetHints":{"allow":["GET"]}}],"collection":[{"href":"http:\/\/www.stefanome.it\/blog\/index.php?rest_route=\/wp\/v2\/posts"}],"about":[{"href":"http:\/\/www.stefanome.it\/blog\/index.php?rest_route=\/wp\/v2\/types\/post"}],"author":[{"embeddable":true,"href":"http:\/\/www.stefanome.it\/blog\/index.php?rest_route=\/wp\/v2\/users\/1"}],"replies":[{"embeddable":true,"href":"http:\/\/www.stefanome.it\/blog\/index.php?rest_route=%2Fwp%2Fv2%2Fcomments&post=14473"}],"version-history":[{"count":9,"href":"http:\/\/www.stefanome.it\/blog\/index.php?rest_route=\/wp\/v2\/posts\/14473\/revisions"}],"predecessor-version":[{"id":14489,"href":"http:\/\/www.stefanome.it\/blog\/index.php?rest_route=\/wp\/v2\/posts\/14473\/revisions\/14489"}],"wp:attachment":[{"href":"http:\/\/www.stefanome.it\/blog\/index.php?rest_route=%2Fwp%2Fv2%2Fmedia&parent=14473"}],"wp:term":[{"taxonomy":"category","embeddable":true,"href":"http:\/\/www.stefanome.it\/blog\/index.php?rest_route=%2Fwp%2Fv2%2Fcategories&post=14473"},{"taxonomy":"post_tag","embeddable":true,"href":"http:\/\/www.stefanome.it\/blog\/index.php?rest_route=%2Fwp%2Fv2%2Ftags&post=14473"}],"curies":[{"name":"wp","href":"https:\/\/api.w.org\/{rel}","templated":true}]}}