{"id":14449,"date":"2018-01-09T10:37:35","date_gmt":"2018-01-09T09:37:35","guid":{"rendered":"http:\/\/www.stefanome.it\/blog\/?p=14449"},"modified":"2018-01-09T14:01:31","modified_gmt":"2018-01-09T13:01:31","slug":"il-temporale-di-gennaio","status":"publish","type":"post","link":"http:\/\/www.stefanome.it\/blog\/?p=14449","title":{"rendered":"Il temporale di Gennaio"},"content":{"rendered":"<div id=\"attachment_14450\" style=\"width: 1034px\" class=\"wp-caption aligncenter\"><a href=\"http:\/\/www.stefanome.it\/blog\/wp-content\/uploads\/2018\/01\/currentb3-1.jpg\" target=\"_blank\" rel=\"noopener\"><img loading=\"lazy\" decoding=\"async\" aria-describedby=\"caption-attachment-14450\" class=\"wp-image-14450 size-full\" src=\"http:\/\/www.stefanome.it\/blog\/wp-content\/uploads\/2018\/01\/currentb3-1.jpg\" alt=\"\" width=\"1024\" height=\"768\" srcset=\"http:\/\/www.stefanome.it\/blog\/wp-content\/uploads\/2018\/01\/currentb3-1.jpg 1024w, http:\/\/www.stefanome.it\/blog\/wp-content\/uploads\/2018\/01\/currentb3-1-300x225.jpg 300w, http:\/\/www.stefanome.it\/blog\/wp-content\/uploads\/2018\/01\/currentb3-1-768x576.jpg 768w\" sizes=\"auto, (max-width: 1024px) 100vw, 1024px\" \/><\/a><p id=\"caption-attachment-14450\" class=\"wp-caption-text\">Clicca<\/p><\/div>\n<p>Direi che un temporale autorigenerante a Gennaio non rientra nelle casistiche relativamente al clima del periodo. Non \u00e8 il primo che ho visto, tuttavia \u00e8 un po&#8217; come se nevicasse a Maggio. Quando le correnti insistono di Scirocco, in genere piove anche a Basaluzzo, una trentina di salutari millimetri che hanno un po&#8217; intorpidito le acque altrimenti maestose delle Pozzanghera ed hanno richiamato 4 anatre, o germani.<\/p>\n<p>Ho contattato il Consulente Biologico che mi ha confermato trattasi di tre femmine ed un maschio. Ma la comunicazione era disturbata e forse mi sbaglio e sono un maschio e tre femmine, oppure due transgender che non hanno rilasciato dichiarazioni ed un difensore civico di Crotone.<\/p>\n<div id=\"attachment_14451\" style=\"width: 1034px\" class=\"wp-caption aligncenter\"><a href=\"http:\/\/www.stefanome.it\/blog\/wp-content\/uploads\/2018\/01\/BasacamPfm_2018-01-09_103359.jpg\" target=\"_blank\" rel=\"noopener\"><img loading=\"lazy\" decoding=\"async\" aria-describedby=\"caption-attachment-14451\" class=\"wp-image-14451 size-full\" src=\"http:\/\/www.stefanome.it\/blog\/wp-content\/uploads\/2018\/01\/BasacamPfm_2018-01-09_103359.jpg\" alt=\"\" width=\"1024\" height=\"768\" srcset=\"http:\/\/www.stefanome.it\/blog\/wp-content\/uploads\/2018\/01\/BasacamPfm_2018-01-09_103359.jpg 1024w, http:\/\/www.stefanome.it\/blog\/wp-content\/uploads\/2018\/01\/BasacamPfm_2018-01-09_103359-300x225.jpg 300w, http:\/\/www.stefanome.it\/blog\/wp-content\/uploads\/2018\/01\/BasacamPfm_2018-01-09_103359-768x576.jpg 768w\" sizes=\"auto, (max-width: 1024px) 100vw, 1024px\" \/><\/a><p id=\"caption-attachment-14451\" class=\"wp-caption-text\">Clicca<\/p><\/div>\n<p>Dopo circa 2 ore i germani apparentemente se ne sono andati, forse perch\u00e8 \u00e8 arrivato un avvoltoio bianco, qui ripreso mentre sta valutando gli effetti di Brexit sui propri investimenti a Bermuda.<\/p>\n<p><strong>Addendum.<\/strong><\/p>\n<div id=\"attachment_14456\" style=\"width: 1034px\" class=\"wp-caption aligncenter\"><a href=\"http:\/\/www.stefanome.it\/blog\/wp-content\/uploads\/2018\/01\/currentb3-2.jpg\" target=\"_blank\" rel=\"noopener\"><img loading=\"lazy\" decoding=\"async\" aria-describedby=\"caption-attachment-14456\" class=\"wp-image-14456 size-full\" src=\"http:\/\/www.stefanome.it\/blog\/wp-content\/uploads\/2018\/01\/currentb3-2.jpg\" alt=\"\" width=\"1024\" height=\"768\" srcset=\"http:\/\/www.stefanome.it\/blog\/wp-content\/uploads\/2018\/01\/currentb3-2.jpg 1024w, http:\/\/www.stefanome.it\/blog\/wp-content\/uploads\/2018\/01\/currentb3-2-300x225.jpg 300w, http:\/\/www.stefanome.it\/blog\/wp-content\/uploads\/2018\/01\/currentb3-2-768x576.jpg 768w\" sizes=\"auto, (max-width: 1024px) 100vw, 1024px\" \/><\/a><p id=\"caption-attachment-14456\" class=\"wp-caption-text\">Clicca<\/p><\/div>\n<p>L&#8217;avvoltoio, modello Garzetta ipersviluppata, se n&#8217;\u00e8 andata ed al suo posto 6 germani, mai visti cos\u00ec tanti, sar\u00e0 che il posto \u00e8 molto ameno. Il Cons. Bio suggerisce di creare un angolo di Pozzanghera con canne, in modo da attirare ulteriori anatre e simili. Gli ho per\u00f2 ricordato il fatto che le canne sono estremamente invadenti e finirebbero per ricoprire l&#8217;intera pozzanghera nel giro di poco tempo, dopo sono inestirpabili. Se proprio vogliamo parlare di canne, che ci pensi lui a portarne una che ce la fumiamo sulla panchina del &#8220;belvedere&#8221;.<\/p>\n","protected":false},"excerpt":{"rendered":"<p>Direi che un temporale autorigenerante a Gennaio non rientra nelle casistiche relativamente al clima del periodo. Non \u00e8 il primo che ho visto, tuttavia \u00e8 un po&#8217; come se nevicasse a Maggio. Quando le correnti insistono di Scirocco, in genere &hellip; <a href=\"http:\/\/www.stefanome.it\/blog\/?p=14449\">Continue reading <span class=\"meta-nav\">&rarr;<\/span><\/a><\/p>\n","protected":false},"author":1,"featured_media":0,"comment_status":"open","ping_status":"open","sticky":false,"template":"","format":"standard","meta":{"footnotes":""},"categories":[1],"tags":[],"class_list":["post-14449","post","type-post","status-publish","format-standard","hentry","category-apc"],"_links":{"self":[{"href":"http:\/\/www.stefanome.it\/blog\/index.php?rest_route=\/wp\/v2\/posts\/14449","targetHints":{"allow":["GET"]}}],"collection":[{"href":"http:\/\/www.stefanome.it\/blog\/index.php?rest_route=\/wp\/v2\/posts"}],"about":[{"href":"http:\/\/www.stefanome.it\/blog\/index.php?rest_route=\/wp\/v2\/types\/post"}],"author":[{"embeddable":true,"href":"http:\/\/www.stefanome.it\/blog\/index.php?rest_route=\/wp\/v2\/users\/1"}],"replies":[{"embeddable":true,"href":"http:\/\/www.stefanome.it\/blog\/index.php?rest_route=%2Fwp%2Fv2%2Fcomments&post=14449"}],"version-history":[{"count":7,"href":"http:\/\/www.stefanome.it\/blog\/index.php?rest_route=\/wp\/v2\/posts\/14449\/revisions"}],"predecessor-version":[{"id":14459,"href":"http:\/\/www.stefanome.it\/blog\/index.php?rest_route=\/wp\/v2\/posts\/14449\/revisions\/14459"}],"wp:attachment":[{"href":"http:\/\/www.stefanome.it\/blog\/index.php?rest_route=%2Fwp%2Fv2%2Fmedia&parent=14449"}],"wp:term":[{"taxonomy":"category","embeddable":true,"href":"http:\/\/www.stefanome.it\/blog\/index.php?rest_route=%2Fwp%2Fv2%2Fcategories&post=14449"},{"taxonomy":"post_tag","embeddable":true,"href":"http:\/\/www.stefanome.it\/blog\/index.php?rest_route=%2Fwp%2Fv2%2Ftags&post=14449"}],"curies":[{"name":"wp","href":"https:\/\/api.w.org\/{rel}","templated":true}]}}