{"id":12053,"date":"2016-08-13T03:02:37","date_gmt":"2016-08-13T02:02:37","guid":{"rendered":"http:\/\/www.stefanome.it\/blog\/?p=12053"},"modified":"2016-08-13T03:02:37","modified_gmt":"2016-08-13T02:02:37","slug":"non-mi-posso-lamentare","status":"publish","type":"post","link":"http:\/\/www.stefanome.it\/blog\/?p=12053","title":{"rendered":"Non mi posso lamentare."},"content":{"rendered":"<p><img loading=\"lazy\" decoding=\"async\" class=\"alignleft size-full wp-image-5249\" src=\"http:\/\/www.stefanome.it\/blog\/wp-content\/uploads\/2013\/11\/iloveNY.jpg\" alt=\"iloveNY\" width=\"50\" height=\"13\" \/>Tuttavia oggi da queste parti c&#8217;erano 38 gradi ed una umidit\u00e0 prossima al 90%. Davvero infernale. Se il caldo afoso non fosse abbastanza, ecco da considerare che in qualsiasi ufficio, luogo pubblico o mezzo di trasporto le temperature sono tenute condizionate a livelli da polmonite. Infatti ho un mal di testa olimpico. Ho gi\u00e0 scritto queste esatte cose ogni volta che sono qui nei mesi estivi. Ma il caldo insieme all&#8217;et\u00e0 mi obnubila.<\/p>\n<p>E comunque non mi devo lamentare perch\u00e8 qui ad Agosto non mi ci manda il dottore, ma \u00e8 una mia libera scelta e lo so che a New York in estate pu\u00f2 essere davvero caldo, umido e puzzolente.<\/p>\n<div id=\"attachment_12054\" style=\"width: 1010px\" class=\"wp-caption aligncenter\"><a href=\"http:\/\/www.stefanome.it\/blog\/wp-content\/uploads\/2016\/08\/nyc.jpg\" target=\"_blank\"><img loading=\"lazy\" decoding=\"async\" aria-describedby=\"caption-attachment-12054\" class=\"wp-image-12054 size-full\" src=\"http:\/\/www.stefanome.it\/blog\/wp-content\/uploads\/2016\/08\/nyc.jpg\" alt=\"nyc\" width=\"1000\" height=\"667\" srcset=\"http:\/\/www.stefanome.it\/blog\/wp-content\/uploads\/2016\/08\/nyc.jpg 1000w, http:\/\/www.stefanome.it\/blog\/wp-content\/uploads\/2016\/08\/nyc-300x200.jpg 300w, http:\/\/www.stefanome.it\/blog\/wp-content\/uploads\/2016\/08\/nyc-768x512.jpg 768w\" sizes=\"auto, (max-width: 1000px) 100vw, 1000px\" \/><\/a><p id=\"caption-attachment-12054\" class=\"wp-caption-text\">Clicca<\/p><\/div>\n<p>Ammetto che questa foto \u00e8 corretta come saturazione, luminosit\u00e0 e back light, ma dal vivo era abbastanza simile. Oggi il taxista mi ha chiesto se in Italia siamo a favore di Hillary o Trump. Lui era pro Clinton e considerato che era un Pakistano, ne aveva ben donde.<\/p>\n<p>&nbsp;<\/p>\n","protected":false},"excerpt":{"rendered":"<p>Tuttavia oggi da queste parti c&#8217;erano 38 gradi ed una umidit\u00e0 prossima al 90%. Davvero infernale. Se il caldo afoso non fosse abbastanza, ecco da considerare che in qualsiasi ufficio, luogo pubblico o mezzo di trasporto le temperature sono tenute &hellip; <a href=\"http:\/\/www.stefanome.it\/blog\/?p=12053\">Continue reading <span class=\"meta-nav\">&rarr;<\/span><\/a><\/p>\n","protected":false},"author":1,"featured_media":0,"comment_status":"open","ping_status":"open","sticky":false,"template":"","format":"standard","meta":{"footnotes":""},"categories":[1],"tags":[],"class_list":["post-12053","post","type-post","status-publish","format-standard","hentry","category-apc"],"_links":{"self":[{"href":"http:\/\/www.stefanome.it\/blog\/index.php?rest_route=\/wp\/v2\/posts\/12053","targetHints":{"allow":["GET"]}}],"collection":[{"href":"http:\/\/www.stefanome.it\/blog\/index.php?rest_route=\/wp\/v2\/posts"}],"about":[{"href":"http:\/\/www.stefanome.it\/blog\/index.php?rest_route=\/wp\/v2\/types\/post"}],"author":[{"embeddable":true,"href":"http:\/\/www.stefanome.it\/blog\/index.php?rest_route=\/wp\/v2\/users\/1"}],"replies":[{"embeddable":true,"href":"http:\/\/www.stefanome.it\/blog\/index.php?rest_route=%2Fwp%2Fv2%2Fcomments&post=12053"}],"version-history":[{"count":1,"href":"http:\/\/www.stefanome.it\/blog\/index.php?rest_route=\/wp\/v2\/posts\/12053\/revisions"}],"predecessor-version":[{"id":12055,"href":"http:\/\/www.stefanome.it\/blog\/index.php?rest_route=\/wp\/v2\/posts\/12053\/revisions\/12055"}],"wp:attachment":[{"href":"http:\/\/www.stefanome.it\/blog\/index.php?rest_route=%2Fwp%2Fv2%2Fmedia&parent=12053"}],"wp:term":[{"taxonomy":"category","embeddable":true,"href":"http:\/\/www.stefanome.it\/blog\/index.php?rest_route=%2Fwp%2Fv2%2Fcategories&post=12053"},{"taxonomy":"post_tag","embeddable":true,"href":"http:\/\/www.stefanome.it\/blog\/index.php?rest_route=%2Fwp%2Fv2%2Ftags&post=12053"}],"curies":[{"name":"wp","href":"https:\/\/api.w.org\/{rel}","templated":true}]}}